{"id":446488,"date":"2021-02-17T20:45:18","date_gmt":"2021-02-17T19:45:18","guid":{"rendered":"https:\/\/www.albinfo.ch\/?p=446488"},"modified":"2021-02-17T20:45:18","modified_gmt":"2021-02-17T19:45:18","slug":"femmes-dans-larmee-directement-dans-larmee-de-milice-apres-lengagement-a-letranger","status":"publish","type":"post","link":"https:\/\/www.albinfo.at\/fr\/femmes-dans-larmee-directement-dans-larmee-de-milice-apres-lengagement-a-letranger\/","title":{"rendered":"Femmes dans l\u2019arm\u00e9e : directement dans l\u2019arm\u00e9e de milice apr\u00e8s l\u2019engagement \u00e0 l\u2019\u00e9tranger"},"content":{"rendered":"<div class=\"contentHead\"><\/div>\n<div class=\"mod mod-nsbnewsdetails\">\n<p><strong>Les Suissesses peuvent effectuer un engagement de promotion de la paix \u00e0 l\u2019\u00e9tranger sans avoir accompli l\u2019\u00e9cole de recrues. Cependant, une fois leur engagement effectu\u00e9, elles ne peuvent actuellement pas \u00eatre incorpor\u00e9es directement dans l\u2019arm\u00e9e de milice. L\u2019arm\u00e9e veut davantage recourir aux connaissances et aux comp\u00e9tences de ces femmes et a donc lanc\u00e9 un projet pilote durant lequel onze des 28 femmes des contingents actuels de la SWISSCOY et de l\u2019EUFOR se sont annonc\u00e9es pour \u00eatre incorpor\u00e9es directement au sein de l\u2019arm\u00e9e de milice. Ce projet est l\u2019une des mesures par lesquelles l\u2019arm\u00e9e entend augmenter la proportion de femmes dans ses rangs.<\/strong><\/p>\n<p>Les contingents de maintien de la paix de l\u2019Arm\u00e9e suisse (SWISSCOY\/EUFOR) comptent r\u00e9guli\u00e8rement dans leurs rangs une proportion de femmes d\u2019environ 15% provenant de toutes les r\u00e9gions linguistiques de la Suisse. La majorit\u00e9 d\u2019entre elles n\u2019ont pas encore accompli l\u2019\u00e9cole de recrues et ne sont donc ni astreintes au service militaire, ni incorpor\u00e9es au sein de l\u2019arm\u00e9e.<\/p>\n<h2>Neuf mois de service militaire<\/h2>\n<p>Les femmes sont recrut\u00e9es pour les engagements de six mois des contingents et suivent une instruction militaire de base et sp\u00e9cialis\u00e9e de trois mois avant leur d\u00e9part. Apr\u00e8s l\u2019instruction ax\u00e9e sur l\u2019engagement (IAE) au Centre de comp\u00e9tences SWISSINT \u00e0 Stans-Oberdorf et l\u2019engagement de promotion de la paix qui suit, elles poss\u00e8dent les comp\u00e9tences militaires de base, une formation sp\u00e9cialis\u00e9e et sont habitu\u00e9es \u00e0 op\u00e9rer dans un environnement militaire. Cependant, comme elles ne sont pas incorpor\u00e9es au sein de l\u2019arm\u00e9e de milice, leur potentiel est perdu pour l\u2019arm\u00e9e apr\u00e8s environ neuf mois de service militaire.<\/p>\n<p>En outre, de nombreuses femmes se montrent int\u00e9ress\u00e9es par la poursuite de leur engagement au sein de l\u2019arm\u00e9e mais, pour diverses raisons, elles ne veulent ou ne peuvent pas accomplir par la suite l\u2019\u00e9cole de recrues. L\u2019arm\u00e9e \u00e9tudie donc diverses possibilit\u00e9s afin de conserver sur le long terme le savoir et les comp\u00e9tences de ces femmes et de les incorporer au sein de l\u2019arm\u00e9e de milice.<\/p>\n<h2>Plus d\u2019un tiers des femmes se sont annonc\u00e9es<\/h2>\n<p>Dans le cadre d\u2019une phase d\u2019essai se d\u00e9roulant durant deux rotations de contingents de la SWISSCOY et de l\u2019EUFOR, les premi\u00e8res femmes militaires des contingents d\u2019hiver 2020\/21 et d\u2019\u00e9t\u00e9 2021 seront incorpor\u00e9es au sein de l\u2019arm\u00e9e de milice. La formule sera analys\u00e9e et adapt\u00e9e si n\u00e9cessaire apr\u00e8s cette phase d\u2019essai.<\/p>\n<p>Onze femmes des actuels contingents de la SWISSCOY et de l\u2019EUFOR ont d\u2019ores et d\u00e9j\u00e0 communiqu\u00e9 leur souhait de rester dans l\u2019arm\u00e9e de milice. Cela repr\u00e9sente plus d\u2019un tiers des 28 femmes militaires engag\u00e9es dans la promotion de la paix. Des dispositions sont actuellement prises avec les diff\u00e9rentes formations et \u00e9coles de cadres afin de d\u00e9terminer les formations d\u2019incorporation appropri\u00e9es pour ces candidates.<\/p>\n<h2>Formations \u00e9quivalentes \u00e0 l\u2019\u00e9cole de recrues<\/h2>\n<p>Une analyse a montr\u00e9 que les diff\u00e9rentes phases d\u2019instruction de l\u2019IAE sont comparables \u00e0 celles de l\u2019\u00e9cole de recrues en termes de contenu, d\u2019objectif et d\u2019intensit\u00e9, et que les deux cours d\u2019instruction de base sont donc \u00e9quivalents. La reconnaissance de cette \u00e9quivalence en mati\u00e8re d\u2019instruction vise \u00e0 permettre aux membres f\u00e9minins du contingent d\u2019\u00eatre incorpor\u00e9s directement et sur une base volontaire, au sein de l\u2019arm\u00e9e de milice, ainsi que de b\u00e9n\u00e9ficier de possibilit\u00e9s de perfectionnement en fonction de leurs aptitudes.<\/p>\n<\/div>\n","protected":false},"excerpt":{"rendered":"<p>Les contingents de maintien de la paix de l\u2019Arm\u00e9e suisse (SWISSCOY\/EUFOR) comptent r\u00e9guli\u00e8rement dans leurs rangs une proportion de femmes d\u2019environ 15% provenant de toutes les r\u00e9gions linguistiques de la Suisse<\/p>\n","protected":false},"author":4,"featured_media":446486,"comment_status":"open","ping_status":"open","sticky":false,"template":"","format":"standard","meta":{"footnotes":""},"categories":[1171,1170],"tags":[],"vendi":[],"content_country":[],"class_list":["post-446488","post","type-post","status-publish","format-standard","has-post-thumbnail","hentry","category-thematique","category-vivre-en-suisse"],"acf":[],"_links":{"self":[{"href":"https:\/\/www.albinfo.at\/fr\/wp-json\/wp\/v2\/posts\/446488","targetHints":{"allow":["GET"]}}],"collection":[{"href":"https:\/\/www.albinfo.at\/fr\/wp-json\/wp\/v2\/posts"}],"about":[{"href":"https:\/\/www.albinfo.at\/fr\/wp-json\/wp\/v2\/types\/post"}],"author":[{"embeddable":true,"href":"https:\/\/www.albinfo.at\/fr\/wp-json\/wp\/v2\/users\/4"}],"replies":[{"embeddable":true,"href":"https:\/\/www.albinfo.at\/fr\/wp-json\/wp\/v2\/comments?post=446488"}],"version-history":[{"count":0,"href":"https:\/\/www.albinfo.at\/fr\/wp-json\/wp\/v2\/posts\/446488\/revisions"}],"wp:featuredmedia":[{"embeddable":true,"href":"https:\/\/www.albinfo.at\/fr\/wp-json\/wp\/v2\/media\/446486"}],"wp:attachment":[{"href":"https:\/\/www.albinfo.at\/fr\/wp-json\/wp\/v2\/media?parent=446488"}],"wp:term":[{"taxonomy":"category","embeddable":true,"href":"https:\/\/www.albinfo.at\/fr\/wp-json\/wp\/v2\/categories?post=446488"},{"taxonomy":"post_tag","embeddable":true,"href":"https:\/\/www.albinfo.at\/fr\/wp-json\/wp\/v2\/tags?post=446488"},{"taxonomy":"vendi","embeddable":true,"href":"https:\/\/www.albinfo.at\/fr\/wp-json\/wp\/v2\/vendi?post=446488"},{"taxonomy":"content_country","embeddable":true,"href":"https:\/\/www.albinfo.at\/fr\/wp-json\/wp\/v2\/content_country?post=446488"}],"curies":[{"name":"wp","href":"https:\/\/api.w.org\/{rel}","templated":true}]}}