{"id":445726,"date":"2021-02-15T19:10:41","date_gmt":"2021-02-15T18:10:41","guid":{"rendered":"https:\/\/www.albinfo.ch\/?p=445726"},"modified":"2021-02-16T13:43:46","modified_gmt":"2021-02-16T12:43:46","slug":"le-vote-pour-vetevendosje-une-punition-pour-les-vieilles-elites","status":"publish","type":"post","link":"https:\/\/www.albinfo.at\/fr\/le-vote-pour-vetevendosje-une-punition-pour-les-vieilles-elites\/","title":{"rendered":"La victoire de \u00ab\u00a0Vet\u00ebvendosje\u00a0\u00bb, un revers pour l\u2019ancienne garde politique du Kosovo"},"content":{"rendered":"<p style=\"font-weight: 400;\">Le jour des amoureux, le 14 f\u00e9vrier 2021, le Mouvement Autod\u00e9termination (Le\u0308vizja Vete\u0308vendosje &#8211; LVV) remporte environ 50% des voix. Le leader de ce parti, Albin Kurti, \u00e9tend sa popularit\u00e9 au Kosovo, en augmentant de 100% le nombre de votes par rapport aux \u00e9lections pr\u00e9c\u00e9dentes, qui se sont tenues en 2019. Les r\u00e9sultats pr\u00e9liminaires venant de la CEC (Commission centrale des \u00e9lections) sont : LVV 47.88%, PDK 17.36 %, LDK 13.08 %, AAK 7.40 %.<\/p>\n<p style=\"font-weight: 400;\"><a href=\"https:\/\/www.albinfo.ch\/wp-content\/uploads\/2021\/02\/albinfo_1.jpg\"><img loading=\"lazy\" decoding=\"async\" class=\"alignnone wp-image-445727\" src=\"https:\/\/www.albinfo.ch\/wp-content\/uploads\/2021\/02\/albinfo_1.jpg\" alt=\"\" width=\"572\" height=\"300\" \/><\/a><\/p>\n<p style=\"font-weight: 400;\">Le plus gros revers a \u00e9t\u00e9 inflig\u00e9 \u00e0 la Ligue D\u00e9mocratique du Kosovo (LDK), qui tombe \u00e0 la troisi\u00e8me place et qui perd toutes les municipalit\u00e9s. Le d\u00e9part de Vjosa Osmani de ce parti a &#8211; ce qui semble &#8211; eu l\u2019effet escompt\u00e9. Entre temps, LVV a remport\u00e9 la majorit\u00e9 des municipalit\u00e9s du Kosovo en excluant les bastions du Parti D\u00e9mocratique du Kosovo (PDK), les municipalit\u00e9s de la r\u00e9gion de Drenica ainsi que celles \u00e0 majorit\u00e9 serbe. \u201cSans col\u00e8re, sans pot-de-vin, sans n\u00e9potisme et sans corruption, nous allons d\u00e9velopper et d\u00e9mocratiser notre pays \u00bb a d\u00e9clar\u00e9 Kurti, qui \u00e9tait priv\u00e9 de candidature, mais qui a obtenu la confiance du peuple kosovar.<\/p>\n<p style=\"font-weight: 400;\">La Diaspora qui s\u2019est rendue au Kosovo en voitures, en bus et en avion, a \u00e9t\u00e9 un soutien de poids, en soutenant fermement le projet de LVV.<\/p>\n<p style=\"font-weight: 400;\">\u00ab Leur participation \u00e0 nos \u00e9lections a \u00e9t\u00e9 une satisfaction pour notre d\u00e9mocratie. Nous pensons que le mot R\u00e9f\u00e9rendum d\u00e9signe l\u2019attribut parfait en ce qui concerne ces \u00e9lections \u00bb a r\u00e9agi LVV apr\u00e8s leur grande victoire. Le froid n\u2019a pas emp\u00each\u00e9 les citoyens de voter pour le changement. Dans beaucoup de bureaux de votes, le temps d\u2019attente \u00e9tait important.<\/p>\n<figure id=\"attachment_444777\" aria-describedby=\"caption-attachment-444777\" style=\"width: 550px\" class=\"wp-caption alignnone\"><a href=\"https:\/\/www.albinfo.ch\/wp-content\/uploads\/2021\/02\/ae481664-b546-4008-8714-b4b65f3dbf94.jpeg\"><img loading=\"lazy\" decoding=\"async\" class=\"wp-image-444777\" src=\"https:\/\/www.albinfo.ch\/wp-content\/uploads\/2021\/02\/ae481664-b546-4008-8714-b4b65f3dbf94.jpeg\" alt=\"\" width=\"550\" height=\"410\" \/><\/a><figcaption id=\"caption-attachment-444777\" class=\"wp-caption-text\">La Diaspora a cette fois-ci vot\u00e9 de fa\u00e7on massive.<\/figcaption><\/figure>\n<p style=\"font-weight: 400;\">Les personnes \u00e2g\u00e9es se sont montr\u00e9es exemplaires en ne reculant pas devant le froid polaire. \u00ab Aujourd\u2019hui, le Kosovo a vot\u00e9 pour un futur prometteur, votre voix a \u00e9t\u00e9 entendue comme jamais auparavant. Ensemble, nous poursuivons notre travail pour le d\u00e9veloppement de la d\u00e9mocratie \u00bb s\u2019est exprim\u00e9e Vjosa Osmani, Pr\u00e9sidente ad ant\u00e9rim du pays et pr\u00e9sidente du Parlement du Kosovo. Elle aussi a promis de combattre la corruption. Les adversaires politiques d\u2019Albin Kurti ont f\u00e9licit\u00e9 LVV pour la victoire.<\/p>\n<p style=\"font-weight: 400;\">En outre, Isa Mustafa, dirigeant du parti LDK, a fait preuve de maturit\u00e9 d\u00e9missionnant de son parti.<\/p>\n<p style=\"font-weight: 400;\">La Diaspora a cette fois-ci vot\u00e9 de fa\u00e7on massive\u00a0: 43 milles votes ont \u00e9t\u00e9 envoy\u00e9s par poste depuis l\u2019Allemagne, 26 milles de Suisse, pr\u00e8s de 5 milles d\u2019Autriche et ainsi de suite. Ces votes n\u2019ont pas encore \u00e9t\u00e9 compt\u00e9s.<\/p>\n<figure id=\"attachment_445512\" aria-describedby=\"caption-attachment-445512\" style=\"width: 569px\" class=\"wp-caption alignnone\"><a href=\"https:\/\/www.albinfo.ch\/wp-content\/uploads\/2021\/02\/1-22.jpg\"><img loading=\"lazy\" decoding=\"async\" class=\"wp-image-445512\" src=\"https:\/\/www.albinfo.ch\/wp-content\/uploads\/2021\/02\/1-22.jpg\" alt=\"\" width=\"569\" height=\"380\" \/><\/a><figcaption id=\"caption-attachment-445512\" class=\"wp-caption-text\">Vjosa Osmani &amp; Albin Kurti<\/figcaption><\/figure>\n<p style=\"font-weight: 400;\">La victoire de LVV va certainement s\u2019accentuer en d\u00e9passant la barre des 50%, avec les votes de la diaspora qui a vot\u00e9 par correspondance. Son prochain d\u00e9fi sera la cr\u00e9ation du gouvernement sans coalition avec les autres partis du Kosovo. Dix \u00e9lections se sont succ\u00e9d\u00e9 au Kosovo depuis la fin de la guerre, en comptant les \u00e9lections municipales, parlementaires et anticip\u00e9es.<\/p>\n<p style=\"font-weight: 400;\"><em><strong>albinfo.ch<\/strong><\/em><\/p>\n<p>&nbsp;<\/p>\n","protected":false},"excerpt":{"rendered":"<p>Les \u00e9lections anticip\u00e9es se sont tenues ce dimanche au Kosovo et se sont sold\u00e9s par les r\u00e9sultats suivants : LVV 47.88%, PDK 17.36 %, LDK 13.08 %, AAK 7.40 %<\/p>\n","protected":false},"author":6,"featured_media":445730,"comment_status":"open","ping_status":"open","sticky":false,"template":"","format":"standard","meta":{"footnotes":""},"categories":[23270,24620,24645,1159,1186,1411,2014],"tags":[],"vendi":[],"content_country":[],"class_list":["post-445726","post","type-post","status-publish","format-standard","has-post-thumbnail","hentry","category-at-balkani-fr","category-kosova-fr-2","category-thematique-fr-2","category-ch-balkans","category-couverture-de-terrain","category-newsletter-fr","category-newsletter-media-fr"],"acf":[],"_links":{"self":[{"href":"https:\/\/www.albinfo.at\/fr\/wp-json\/wp\/v2\/posts\/445726","targetHints":{"allow":["GET"]}}],"collection":[{"href":"https:\/\/www.albinfo.at\/fr\/wp-json\/wp\/v2\/posts"}],"about":[{"href":"https:\/\/www.albinfo.at\/fr\/wp-json\/wp\/v2\/types\/post"}],"author":[{"embeddable":true,"href":"https:\/\/www.albinfo.at\/fr\/wp-json\/wp\/v2\/users\/6"}],"replies":[{"embeddable":true,"href":"https:\/\/www.albinfo.at\/fr\/wp-json\/wp\/v2\/comments?post=445726"}],"version-history":[{"count":0,"href":"https:\/\/www.albinfo.at\/fr\/wp-json\/wp\/v2\/posts\/445726\/revisions"}],"wp:featuredmedia":[{"embeddable":true,"href":"https:\/\/www.albinfo.at\/fr\/wp-json\/wp\/v2\/media\/445730"}],"wp:attachment":[{"href":"https:\/\/www.albinfo.at\/fr\/wp-json\/wp\/v2\/media?parent=445726"}],"wp:term":[{"taxonomy":"category","embeddable":true,"href":"https:\/\/www.albinfo.at\/fr\/wp-json\/wp\/v2\/categories?post=445726"},{"taxonomy":"post_tag","embeddable":true,"href":"https:\/\/www.albinfo.at\/fr\/wp-json\/wp\/v2\/tags?post=445726"},{"taxonomy":"vendi","embeddable":true,"href":"https:\/\/www.albinfo.at\/fr\/wp-json\/wp\/v2\/vendi?post=445726"},{"taxonomy":"content_country","embeddable":true,"href":"https:\/\/www.albinfo.at\/fr\/wp-json\/wp\/v2\/content_country?post=445726"}],"curies":[{"name":"wp","href":"https:\/\/api.w.org\/{rel}","templated":true}]}}