{"id":440838,"date":"2021-01-31T17:07:55","date_gmt":"2021-01-31T16:07:55","guid":{"rendered":"https:\/\/www.albinfo.ch\/?p=440838"},"modified":"2021-01-31T17:07:55","modified_gmt":"2021-01-31T16:07:55","slug":"partenariats-migratoires-chances-et-risques","status":"publish","type":"post","link":"https:\/\/www.albinfo.at\/fr\/partenariats-migratoires-chances-et-risques\/","title":{"rendered":"Partenariats migratoires : chances et risques"},"content":{"rendered":"<div class=\"contentHead\"><\/div>\n<div class=\"mod mod-nsbnewsdetails\">\n<p><strong>Dans un rapport assorti de recommandations, la Commission f\u00e9d\u00e9rale des migrations CFM s\u2019est int\u00e9ress\u00e9e aux opportunit\u00e9s et aux risques li\u00e9s aux partenariats migratoires. Le rapport rel\u00e8ve notamment la d\u00e9marche participative et la souplesse de contenu qui caract\u00e9risent cet instrument de politique migratoire ext\u00e9rieure. D\u2019un point de vue plus g\u00e9n\u00e9ral, de tels partenariats peuvent contribuer \u00e0 une compr\u00e9hension globale de la migration et \u00e0 faire converger les int\u00e9r\u00eats des pays d\u2019origine, de transit et de destination. Le rapport n\u2019en r\u00e9v\u00e8le pas moins des faiblesses, notamment la marge de man\u0153uvre tr\u00e8s restreinte des autorit\u00e9s suisses sur la question des voies l\u00e9gales de migration \u2013 un enjeu politique essentiel pour les \u00c9tats partenaires. Par ailleurs, d\u00e9finir des objectifs communs aux diff\u00e9rents acteurs suisses pourrait renforcer la coh\u00e9rence de la politique migratoire.<\/strong><\/p>\n<p>L\u2018instrument du partenariat migratoire, qui figure dans la loi f\u00e9d\u00e9rale sur les \u00e9trangers depuis 2008, sert de cadre de coop\u00e9ration dans la recherche de r\u00e9ponses communes avec d\u2019autres pays en mati\u00e8re de migration et de retour. Dans ce rapport, la CFM se penche sur cet instrument peu connu du public et souvent per\u00e7u dans une dimension r\u00e9ductrice limit\u00e9e \u00e0 la question du retour des requ\u00e9rants d\u2019asile. S\u2019appuyant sur les constats de visites exploratoires au Kosovo et au Nig\u00e9ria, mais aussi sur de nombreux comptes rendus et \u00e9valuations, ainsi que sur des entretiens r\u00e9alis\u00e9s dans les pays de provenance et aupr\u00e8s de repr\u00e9sentants des d\u00e9partements et offices concern\u00e9s en Suisse, la Commission fait ici le point sur les opportunit\u00e9s, les risques et le potentiel inexploit\u00e9 de cet instrument. Les recommandations sur lesquelles d\u00e9bouche le rapport sont d\u00e9gag\u00e9es de l\u2019analyse du partenariat migratoire sign\u00e9 il y a dix ans entre la Suisse et le Nig\u00e9ria.<\/p>\n<p>Proc\u00e9dant d\u2019une d\u00e9marche participative, le partenariat migratoire se construit dans un esprit d\u2019\u00e9changes et de conciliation des int\u00e9r\u00eats. Il peut aussi favoriser une compr\u00e9hension globale de la migration. \u00c0 ce titre, il permet de transposer un processus de n\u00e9gociation \u00e9quitable, d\u2019\u00e9gal \u00e0 \u00e9gal, d\u2019un niveau national \u00e0 un niveau international. Autre point fort\u00a0: sa souplesse de contenu permet de trouver des solutions \u00e0 de nouveaux d\u00e9fis et de d\u00e9velopper la coop\u00e9ration partenariale au-del\u00e0 du niveau projet, pour l\u2019\u00e9tendre aux institutions et au dialogue.<\/p>\n<p>Toutefois, \u00e0 y regarder de plus pr\u00e8s, on constate aussi des faiblesses, notamment le manque d\u2019unit\u00e9 des int\u00e9r\u00eats poursuivis par les diff\u00e9rents acteurs suisses impliqu\u00e9s, chacun r\u00e9pondant de son mandat politique et juridique\u00a0; des efforts devraient ainsi \u00eatre faits pour plus de concertation et de transparence sur les objectifs et l\u2019impact des projets. Une autre faiblesse concerne les voies l\u00e9gales de migration &#8211; un enjeu essentiel pour les \u00c9tats partenaires. Les conditions l\u00e9gales qui r\u00e9gissent aujourd\u2019hui l\u2019admission de ressortissants d\u2019\u00c9tats tiers sont particuli\u00e8rement restrictives. Pour y rem\u00e9dier, il faudrait se doter d\u2019une politique migratoire explorant de nouvelles possibilit\u00e9s de migration l\u00e9gale et donner ainsi plus de marge de man\u0153uvre aux autorit\u00e9s. Enfin, il faudrait renforcer la coop\u00e9ration bilat\u00e9rale, en y int\u00e9grant plus syst\u00e9matiquement une dimension multilat\u00e9rale.<\/p>\n<p>La CFM estime qu\u2019il reste un potentiel inexploit\u00e9 dans ce domaine et que la Suisse gagnerait \u00e0 mettre mieux \u00e0 profit les opportunit\u00e9s offertes par cet outil. Dans le cadre du partenariat migratoire Suisse-Nig\u00e9ria, il serait par exemple possible de soutenir davantage les projets de mobilit\u00e9 sociale ax\u00e9s sur la formation initiale et continue et sur la cr\u00e9ation d\u2019emplois au Nig\u00e9ria. Une plus forte implication d\u2019organisations et d\u2019initiatives priv\u00e9es pourrait \u00e9galement contribuer \u00e0 consolider les structures de la soci\u00e9t\u00e9 civile. Enfin, l\u2019instrument du partenariat migratoire pourrait servir de tremplin pour renforcer les processus d\u00e9mocratiques et soutenir une politique fond\u00e9e sur le respect des droits humains.<\/p>\n<\/div>\n","protected":false},"excerpt":{"rendered":"<p>Proc\u00e9dant d\u2019une d\u00e9marche participative, le partenariat migratoire se construit dans un esprit d\u2019\u00e9changes et de conciliation des int\u00e9r\u00eats. Il peut aussi favoriser une compr\u00e9hension globale de la migration<\/p>\n","protected":false},"author":4,"featured_media":211464,"comment_status":"open","ping_status":"open","sticky":false,"template":"","format":"standard","meta":{"footnotes":""},"categories":[1171,1170],"tags":[],"vendi":[],"content_country":[],"class_list":["post-440838","post","type-post","status-publish","format-standard","has-post-thumbnail","hentry","category-thematique","category-vivre-en-suisse"],"acf":[],"_links":{"self":[{"href":"https:\/\/www.albinfo.at\/fr\/wp-json\/wp\/v2\/posts\/440838","targetHints":{"allow":["GET"]}}],"collection":[{"href":"https:\/\/www.albinfo.at\/fr\/wp-json\/wp\/v2\/posts"}],"about":[{"href":"https:\/\/www.albinfo.at\/fr\/wp-json\/wp\/v2\/types\/post"}],"author":[{"embeddable":true,"href":"https:\/\/www.albinfo.at\/fr\/wp-json\/wp\/v2\/users\/4"}],"replies":[{"embeddable":true,"href":"https:\/\/www.albinfo.at\/fr\/wp-json\/wp\/v2\/comments?post=440838"}],"version-history":[{"count":0,"href":"https:\/\/www.albinfo.at\/fr\/wp-json\/wp\/v2\/posts\/440838\/revisions"}],"wp:featuredmedia":[{"embeddable":true,"href":"https:\/\/www.albinfo.at\/fr\/wp-json\/wp\/v2\/media\/211464"}],"wp:attachment":[{"href":"https:\/\/www.albinfo.at\/fr\/wp-json\/wp\/v2\/media?parent=440838"}],"wp:term":[{"taxonomy":"category","embeddable":true,"href":"https:\/\/www.albinfo.at\/fr\/wp-json\/wp\/v2\/categories?post=440838"},{"taxonomy":"post_tag","embeddable":true,"href":"https:\/\/www.albinfo.at\/fr\/wp-json\/wp\/v2\/tags?post=440838"},{"taxonomy":"vendi","embeddable":true,"href":"https:\/\/www.albinfo.at\/fr\/wp-json\/wp\/v2\/vendi?post=440838"},{"taxonomy":"content_country","embeddable":true,"href":"https:\/\/www.albinfo.at\/fr\/wp-json\/wp\/v2\/content_country?post=440838"}],"curies":[{"name":"wp","href":"https:\/\/api.w.org\/{rel}","templated":true}]}}