{"id":440383,"date":"2021-01-29T12:45:35","date_gmt":"2021-01-29T11:45:35","guid":{"rendered":"https:\/\/www.albinfo.ch\/?p=440383"},"modified":"2021-01-29T12:10:19","modified_gmt":"2021-01-29T11:10:19","slug":"cfr-norme-penale-contre-le-racisme-25-ans-sous-la-loupe","status":"publish","type":"post","link":"https:\/\/www.albinfo.at\/fr\/cfr-norme-penale-contre-le-racisme-25-ans-sous-la-loupe\/","title":{"rendered":"CFR &#8211; Norme p\u00e9nale contre le racisme : 25 ans sous la loupe"},"content":{"rendered":"<div class=\"contentHead\"><\/div>\n<div class=\"mod mod-nsbnewsdetails\">\n<p><strong>La Commission f\u00e9d\u00e9rale contre le racisme (CFR) publie une analyse de la jurisprudence relative \u00e0 l\u2019art. 261bis du code p\u00e9nal suisse (CP). Cette \u00e9tude vise \u00e0 fournir au public un aper\u00e7u accessible de la pratique des tribunaux en mati\u00e8re de racisme et de discrimination raciale. Elle approfondit certains th\u00e8mes que la CFR consid\u00e8re comme particuli\u00e8rement importants, notamment la tension entre racisme et libert\u00e9 d\u2019expression, la probl\u00e9matique, en pleine expansion, du racisme sur Internet et sur les r\u00e9seaux sociaux ou encore l\u2019utilisation de symboles racistes.<\/strong><\/p>\n<p>L\u2019art.\u00a0261bis\u00a0CP, appel\u00e9 aussi norme p\u00e9nale antiraciste, interdit l\u2019incitation \u00e0 la haine ou \u00e0 la discrimination, la propagation d\u2019id\u00e9ologies racistes, la diffusion de propos visant \u00e0 rabaisser des individus ou encore le refus d\u2019une prestation destin\u00e9e \u00e0 l\u2019usage public en raison de l\u2019appartenance raciale, ethnique ou religieuse. Il punit \u00e9galement la n\u00e9gation des g\u00e9nocides ou d\u2019autres crimes contre l\u2019humanit\u00e9. Le 9 f\u00e9vrier 2020, le peuple suisse a accept\u00e9, \u00e0 63,1\u00a0%, d\u2019\u00e9tendre cette norme aux discriminations fond\u00e9es sur l\u2019orientation sexuelle.<\/p>\n<p>Sur mandat de la CFR, la juriste Vera Leimgruber a r\u00e9alis\u00e9 une analyse qualitative de la jurisprudence relative \u00e0 l\u2019art.\u00a0261bis\u00a0CP avant l\u2019extension de cette disposition \u00e0 l\u2019orientation sexuelle. Cette \u00e9tude se fonde sur l\u2019ensemble des arr\u00eats et d\u00e9cisions p\u00e9nales prononc\u00e9s par les diff\u00e9rentes instances judiciaires entre le 1er\u00a0janvier\u00a01995, date de l\u2019entr\u00e9e en vigueur de la norme p\u00e9nale, et le 31\u00a0d\u00e9cembre\u00a02019.<\/p>\n<p>Premier constat\u00a0: la norme p\u00e9nale contre le racisme ne restreint pas ind\u00fbment<b>\u00a0<\/b>la libert\u00e9 d\u2019expression. Ces derni\u00e8res ann\u00e9es, la jurisprudence a \u00e9volu\u00e9 davantage en faveur de la libert\u00e9 d\u2019expression, en accordant plus de poids \u00e0 ce principe fondamental de la d\u00e9mocratie, notamment dans les affaires s\u2019inscrivant dans le contexte du d\u00e9bat politique ou scientifique. Cette tendance se refl\u00e8te aussi dans la retenue accrue du Tribunal f\u00e9d\u00e9ral dans les causes concernant la n\u00e9gation, la justification ou la minimisation des g\u00e9nocides. Cela \u00e9tant, l\u2019analyse montre aussi que le droit \u00e0 la libert\u00e9 d\u2019expression n\u2019est pas illimit\u00e9 et n\u2019autorise nullement \u00e0 tenir des propos racistes qui portent atteinte \u00e0 la dignit\u00e9 humaine.<\/p>\n<p>Deuxi\u00e8me constat\u00a0: la jurisprudence montre une adaptabilit\u00e9 en ce qui concerne les propos racistes publi\u00e9s sur Internet et dans les m\u00e9dias sociaux, terrains o\u00f9 le discours de haine a augment\u00e9 de fa\u00e7on significative. La plupart des plateformes en ligne et des sites web sont unanimement reconnus comme des espaces publics au sens de l\u2019art.\u00a0261bis\u00a0CP. C\u2019est aussi le cas des groupes priv\u00e9s sur Facebook ou WhatsApp dont les membres n\u2019ont pas de relations personnelles \u00e9troites. Les questions qui restent \u00e0 clarifier sont la port\u00e9e de la responsabilit\u00e9 des fournisseurs d\u2019acc\u00e8s \u00e0 Internet, la mani\u00e8re de traiter les messages supprim\u00e9s, les \u00ab\u00a0j\u2019aime\u00a0\u00bb appos\u00e9s \u00e0 certains messages, ou encore les possibilit\u00e9s de poursuivre les auteurs de contributions r\u00e9dig\u00e9es \u00e0 l\u2019\u00e9tranger mais accessibles depuis la Suisse.<\/p>\n<p>Troisi\u00e8me constat\u00a0: les symboles ne sont punissables que s\u2019ils servent \u00e0 promouvoir une id\u00e9ologie raciste. Or, la jurisprudence montre qu\u2019il n\u2019est pas toujours facile de tracer la ligne entre la propagation, punissable, d\u2019une id\u00e9ologie raciste et l\u2019adh\u00e9sion, non punissable, \u00e0 cette m\u00eame id\u00e9ologie. Ainsi, le simple fait de porter un symbole raciste ou de faire un geste raciste n\u2019est pas punissable. Le Parlement f\u00e9d\u00e9ral a renonc\u00e9 jusqu\u2019ici \u00e0 une interdiction totale des symboles racistes en raison notamment de la difficult\u00e9 \u00e0 d\u00e9finir quels symboles devraient \u00eatre interdits. Il faudra observer comment \u00e9volue le d\u00e9bat politique \u00e0 ce sujet.<\/p>\n<\/div>\n","protected":false},"excerpt":{"rendered":"<p>Il punit \u00e9galement la n\u00e9gation des g\u00e9nocides ou d\u2019autres crimes contre l\u2019humanit\u00e9. Le 9 f\u00e9vrier 2020, le peuple suisse a accept\u00e9, \u00e0 63,1\u00a0%, d\u2019\u00e9tendre cette norme aux discriminations fond\u00e9es sur l\u2019orientation sexuelle<\/p>\n","protected":false},"author":4,"featured_media":259477,"comment_status":"open","ping_status":"open","sticky":false,"template":"","format":"standard","meta":{"footnotes":""},"categories":[1171,1170],"tags":[],"vendi":[],"content_country":[],"class_list":["post-440383","post","type-post","status-publish","format-standard","has-post-thumbnail","hentry","category-thematique","category-vivre-en-suisse"],"acf":[],"_links":{"self":[{"href":"https:\/\/www.albinfo.at\/fr\/wp-json\/wp\/v2\/posts\/440383","targetHints":{"allow":["GET"]}}],"collection":[{"href":"https:\/\/www.albinfo.at\/fr\/wp-json\/wp\/v2\/posts"}],"about":[{"href":"https:\/\/www.albinfo.at\/fr\/wp-json\/wp\/v2\/types\/post"}],"author":[{"embeddable":true,"href":"https:\/\/www.albinfo.at\/fr\/wp-json\/wp\/v2\/users\/4"}],"replies":[{"embeddable":true,"href":"https:\/\/www.albinfo.at\/fr\/wp-json\/wp\/v2\/comments?post=440383"}],"version-history":[{"count":0,"href":"https:\/\/www.albinfo.at\/fr\/wp-json\/wp\/v2\/posts\/440383\/revisions"}],"wp:featuredmedia":[{"embeddable":true,"href":"https:\/\/www.albinfo.at\/fr\/wp-json\/wp\/v2\/media\/259477"}],"wp:attachment":[{"href":"https:\/\/www.albinfo.at\/fr\/wp-json\/wp\/v2\/media?parent=440383"}],"wp:term":[{"taxonomy":"category","embeddable":true,"href":"https:\/\/www.albinfo.at\/fr\/wp-json\/wp\/v2\/categories?post=440383"},{"taxonomy":"post_tag","embeddable":true,"href":"https:\/\/www.albinfo.at\/fr\/wp-json\/wp\/v2\/tags?post=440383"},{"taxonomy":"vendi","embeddable":true,"href":"https:\/\/www.albinfo.at\/fr\/wp-json\/wp\/v2\/vendi?post=440383"},{"taxonomy":"content_country","embeddable":true,"href":"https:\/\/www.albinfo.at\/fr\/wp-json\/wp\/v2\/content_country?post=440383"}],"curies":[{"name":"wp","href":"https:\/\/api.w.org\/{rel}","templated":true}]}}