{"id":440370,"date":"2021-01-29T12:15:16","date_gmt":"2021-01-29T11:15:16","guid":{"rendered":"https:\/\/www.albinfo.ch\/?p=440370"},"modified":"2021-01-29T12:02:35","modified_gmt":"2021-01-29T11:02:35","slug":"protection-du-climat-le-conseil-federal-adopte-la-strategie-climatique-a-long-terme-de-la-suisse","status":"publish","type":"post","link":"https:\/\/www.albinfo.at\/fr\/protection-du-climat-le-conseil-federal-adopte-la-strategie-climatique-a-long-terme-de-la-suisse\/","title":{"rendered":"Protection du climat : le Conseil f\u00e9d\u00e9ral adopte la Strat\u00e9gie climatique \u00e0 long terme de la Suisse"},"content":{"rendered":"<div class=\"contentHead\"><strong>La Suisse doit ramener \u00e0 z\u00e9ro net ses \u00e9missions de gaz \u00e0 effet de serre d\u2019ici 2050. Cet objectif a \u00e9t\u00e9 d\u00e9cid\u00e9 par le Conseil f\u00e9d\u00e9ral en 2019. Le 27 janvier 2021, ce dernier a adopt\u00e9 la \u00ab Strat\u00e9gie climatique \u00e0 long terme de la Suisse \u00bb, qui pr\u00e9sente les lignes directrices de la politique climatique jusqu\u2019\u00e0 2050 et d\u00e9finit les objectifs strat\u00e9giques pour les diff\u00e9rents secteurs. La strat\u00e9gie s\u2019appuie sur les mesures et objectifs de la loi sur le CO2 r\u00e9vis\u00e9e, qui constitue l\u2019instrument cl\u00e9 pour atteindre l\u2019objectif de z\u00e9ro net. La loi r\u00e9vis\u00e9e permettra \u00e0 la Suisse de r\u00e9duire ses \u00e9missions de gaz \u00e0 effet de serre de moiti\u00e9 d\u2019ici 2030 et d\u2019\u00eatre en mesure d\u2019atteindre l\u2019objectif climatique d\u2019ici 2050.<\/strong><\/div>\n<div class=\"mod mod-nsbnewsdetails\">\n<p>En 2019, le Conseil f\u00e9d\u00e9ral a d\u00e9cid\u00e9 que, d\u2019ici 2050, la Suisse ne devrait plus \u00e9mettre davantage de gaz \u00e0 effet de serre que ce que les puits naturels et techniques seront capables d\u2019absorber. Avec cet objectif de z\u00e9ro net, il tient compte des derniers r\u00e9sultats scientifiques du Groupe d\u2019experts intergouvernemental sur l\u2019\u00e9volution du climat (GIEC), selon lequel il faudra d\u00e9j\u00e0 s\u2019attendre \u00e0 de graves r\u00e9percussions pour l\u2019homme et la diversit\u00e9 des esp\u00e8ces avec un r\u00e9chauffement moyen de 1,5 \u00b0C. En tant que pays alpin, la Suisse est particuli\u00e8rement affect\u00e9e par les changements climatiques, car les temp\u00e9ratures y augmentent deux fois plus que la moyenne mondiale.<\/p>\n<p>Parall\u00e8lement \u00e0 la fixation de l\u2019objectif de z\u00e9ro net, le Conseil f\u00e9d\u00e9ral a charg\u00e9 le D\u00e9partement f\u00e9d\u00e9ral de l\u2019environnement, des transports, de l\u2019\u00e9nergie et de la communication d\u2019\u00e9laborer une strat\u00e9gie \u00e0 long terme. Le 27 janvier 2021, il a adopt\u00e9 la Strat\u00e9gie climatique \u00e0 long terme de la Suisse, permettant ainsi au pays de remplir un engagement d\u00e9coulant de l\u2019Accord de Paris. Cet accord exige de ses Parties qu\u2019elles remettent leurs strat\u00e9gies climatiques \u00e0 long terme au Secr\u00e9tariat des Nations Unies sur les changements climatiques d\u2019ici fin 2020. Les Perspectives \u00e9nerg\u00e9tiques 2050+ de l\u2019Office f\u00e9d\u00e9ral de l\u2019\u00e9nergie, publi\u00e9es en automne 2020, constituent une base importante pour la strat\u00e9gie de la Suisse.<\/p>\n<p><strong>Lignes directrices pour la neutralit\u00e9 climatique de la Suisse d\u2019ici 2050<\/strong><\/p>\n<p>La strat\u00e9gie climatique \u00e0 long terme contient dix principes strat\u00e9giques visant \u00e0 fa\u00e7onner la politique climatique ces prochaines ann\u00e9es. Elle pr\u00e9sente les \u00e9volutions possibles d\u2019ici 2050 pour les secteurs du b\u00e2timent, de l\u2019industrie, des transports, de l\u2019agriculture et de l\u2019alimentation, des march\u00e9s financiers, du transport a\u00e9rien et des d\u00e9chets et fixe des objectifs strat\u00e9giques pour chacun d\u2019entre eux.<\/p>\n<p>La strat\u00e9gie indique en outre dans quelle mesure certaines \u00e9missions demeureront difficiles \u00e0 \u00e9viter d\u2019ici 2050. Ces \u00e9missions devront \u00eatre compens\u00e9es en recourant au captage et au stockage de CO2 (CCS) et \u00e0 des technologies d\u2019\u00e9mission n\u00e9gative (NET). Les technologies CCS consistent \u00e0 capter les \u00e9missions de CO2 des installations des secteurs de l\u2019industrie et des d\u00e9chets directement \u00e0 la source. Les NET sont quant \u00e0 elles utilis\u00e9es lorsque les \u00e9missions ne peuvent pas \u00eatre directement capt\u00e9es, notamment dans le secteur de l\u2019agriculture. Elles permettent de retirer le CO2 de l\u2019atmosph\u00e8re et de le stocker durablement.<\/p>\n<p><strong>L\u2019objectif z\u00e9ro net est r\u00e9alisable<\/strong><\/p>\n<p>La strat\u00e9gie climatique \u00e0 long terme montre que la Suisse peut r\u00e9duire ses \u00e9missions de gaz \u00e0 effet de serre dans les secteurs des transports, du b\u00e2timent et de l\u2019industrie de pr\u00e8s de 90 % d\u2019ici 2050. En effet, les \u00e9missions des secteurs du b\u00e2timent et des transports pourront \u00eatre ramen\u00e9es \u00e0 z\u00e9ro et, dans le secteur de l\u2019industrie, les \u00e9missions li\u00e9es \u00e0 la consommation d\u2019\u00e9nergie pourront \u00eatre presque totalement \u00e9vit\u00e9es. Les carburants renouvelables et durables ainsi que les nouvelles technologies de propulsion utilis\u00e9s dans l\u2019aviation offrent eux aussi un potentiel de r\u00e9duction des \u00e9missions. Dans le secteur de l\u2019agriculture et de l\u2019alimentation, ce potentiel s\u2019\u00e9l\u00e8ve \u00e0 au moins 40 % par rapport au niveau de 1990.<\/p>\n<p>En 2050, environ 12 millions de tonnes d\u2019\u00e9quivalents-CO2 seront encore \u00e9mises dans les secteurs de l\u2019industrie, des d\u00e9chets et de l\u2019agriculture. Ces \u00e9missions pourront \u00eatre compens\u00e9es gr\u00e2ce aux technologies CCS et aux NET. En tant que pays d\u2019innovation disposant d\u2019un secteur financier fort et d\u2019une production d\u2019\u00e9lectricit\u00e9 pratiquement exempte de CO2, la Suisse est bien plac\u00e9e pour atteindre l\u2019objectif de z\u00e9ro net d\u2019ici 2050.<\/p>\n<p><strong>Prot\u00e9ger le climat co\u00fbte moins cher que des changements climatiques non ma\u00eetris\u00e9s<\/strong><\/p>\n<p>Les co\u00fbts \u00e9conomiques et sociaux des changements climatiques non ma\u00eetris\u00e9s d\u00e9passent largement ceux des mesures de protection du climat. L\u2019objectif de z\u00e9ro net comporte donc aussi un int\u00e9r\u00eat \u00e9conomique important. En abandonnant les combustibles et carburants fossiles tels que le mazout, le gaz, l\u2019essence et le diesel, la Suisse r\u00e9duit en outre sa d\u00e9pendance vis-\u00e0-vis de l\u2019\u00e9tranger. L\u2019argent qui actuellement part \u00e0 l\u2019\u00e9tranger sera \u00e0 l\u2019avenir investi dans le pays et profitera ainsi aux entreprises suisses.<\/p>\n<p><strong>La loi sur le CO2 constitue le fondement de la strat\u00e9gie<\/strong><\/p>\n<p>La strat\u00e9gie climatique \u00e0 long terme s\u2019appuie sur la loi sur le CO2 r\u00e9vis\u00e9e et sur les objectifs qu\u2019elle contient. Adopt\u00e9e par le Parlement en automne 2020, cette r\u00e9vision totale est une condition essentielle pour que la Suisse puisse atteindre son objectif \u00e0 long terme. Son entr\u00e9e en vigueur est pr\u00e9vue pour 2022. Elle permettra \u00e0 la Suisse d\u2019atteindre l\u2019objectif climatique consistant \u00e0 r\u00e9duire de moiti\u00e9 ses \u00e9missions de gaz \u00e0 effet de serre d\u2019ici 2030 et pose les jalons en vue de la r\u00e9alisation de l\u2019objectif de z\u00e9ro net pour 2050. Un r\u00e9f\u00e9rendum facultatif ayant \u00e9t\u00e9 lanc\u00e9 contre la r\u00e9vision totale de la loi sur CO2, le peuple sera appel\u00e9 aux urnes.<\/p>\n<\/div>\n","protected":false},"excerpt":{"rendered":"<p>En tant que pays alpin, la Suisse est particuli\u00e8rement affect\u00e9e par les changements climatiques, car les temp\u00e9ratures y augmentent deux fois plus que la moyenne mondiale<\/p>\n","protected":false},"author":4,"featured_media":229287,"comment_status":"open","ping_status":"open","sticky":false,"template":"","format":"standard","meta":{"footnotes":""},"categories":[1171,1170],"tags":[],"vendi":[],"content_country":[],"class_list":["post-440370","post","type-post","status-publish","format-standard","has-post-thumbnail","hentry","category-thematique","category-vivre-en-suisse"],"acf":[],"_links":{"self":[{"href":"https:\/\/www.albinfo.at\/fr\/wp-json\/wp\/v2\/posts\/440370","targetHints":{"allow":["GET"]}}],"collection":[{"href":"https:\/\/www.albinfo.at\/fr\/wp-json\/wp\/v2\/posts"}],"about":[{"href":"https:\/\/www.albinfo.at\/fr\/wp-json\/wp\/v2\/types\/post"}],"author":[{"embeddable":true,"href":"https:\/\/www.albinfo.at\/fr\/wp-json\/wp\/v2\/users\/4"}],"replies":[{"embeddable":true,"href":"https:\/\/www.albinfo.at\/fr\/wp-json\/wp\/v2\/comments?post=440370"}],"version-history":[{"count":0,"href":"https:\/\/www.albinfo.at\/fr\/wp-json\/wp\/v2\/posts\/440370\/revisions"}],"wp:featuredmedia":[{"embeddable":true,"href":"https:\/\/www.albinfo.at\/fr\/wp-json\/wp\/v2\/media\/229287"}],"wp:attachment":[{"href":"https:\/\/www.albinfo.at\/fr\/wp-json\/wp\/v2\/media?parent=440370"}],"wp:term":[{"taxonomy":"category","embeddable":true,"href":"https:\/\/www.albinfo.at\/fr\/wp-json\/wp\/v2\/categories?post=440370"},{"taxonomy":"post_tag","embeddable":true,"href":"https:\/\/www.albinfo.at\/fr\/wp-json\/wp\/v2\/tags?post=440370"},{"taxonomy":"vendi","embeddable":true,"href":"https:\/\/www.albinfo.at\/fr\/wp-json\/wp\/v2\/vendi?post=440370"},{"taxonomy":"content_country","embeddable":true,"href":"https:\/\/www.albinfo.at\/fr\/wp-json\/wp\/v2\/content_country?post=440370"}],"curies":[{"name":"wp","href":"https:\/\/api.w.org\/{rel}","templated":true}]}}