{"id":440359,"date":"2021-01-29T11:55:04","date_gmt":"2021-01-29T10:55:04","guid":{"rendered":"https:\/\/www.albinfo.ch\/?p=440359"},"modified":"2021-01-29T11:55:04","modified_gmt":"2021-01-29T10:55:04","slug":"ocde-nomination-du-nouveau-secretaire-general-philipp-hildebrand-reste-dans-la-course-pour-le-troisieme-tour","status":"publish","type":"post","link":"https:\/\/www.albinfo.at\/fr\/ocde-nomination-du-nouveau-secretaire-general-philipp-hildebrand-reste-dans-la-course-pour-le-troisieme-tour\/","title":{"rendered":"OCDE : nomination du nouveau Secr\u00e9taire g\u00e9n\u00e9ral : Philipp Hildebrand reste dans la course pour le troisi\u00e8me tour"},"content":{"rendered":"<div class=\"contentHead\"><\/div>\n<div class=\"mod mod-nsbnewsdetails\">\n<p><strong>Philipp Hildebrand, le candidat suisse \u00e0 la succession du Secr\u00e9taire g\u00e9n\u00e9ral de l\u2019OCDE, reste en lice pour le troisi\u00e8me tour selon les propos du pr\u00e9sident du comit\u00e9 de s\u00e9lection. Le candidat suisse a re\u00e7u le soutien des pays membres. Sur les dix candidats sur la ligne de d\u00e9part le 1er novembre 2020, cinq se sont d\u00e9j\u00e0 retir\u00e9s. Convaincu de la valeur du candidat suisse pour ce poste prestigieux, le Conseil f\u00e9d\u00e9ral se f\u00e9licite de cette victoire d\u2019\u00e9tape pour Philipp Hildebrand, et se r\u00e9jouit de lui r\u00e9it\u00e9rer son total soutien pour la suite de la course.<\/strong><\/p>\n<p>&nbsp;<\/p>\n<p>Durant cette campagne, Philipp Hildebrand s\u2019est entretenu bilat\u00e9ralement avec 22 Ministres et 27 Vice-Ministres ou Secr\u00e9taires d\u2019Etat. En tout, ce sont plus de 130 entretiens bilat\u00e9raux, soit virtuels ou pr\u00e9sentiels, qui ont eu lieu avec les autorit\u00e9s des 36 autres pays de l\u2019OCDE depuis le 1er novembre, date du lancement de la campagne.<\/p>\n<p>Outre le candidat suisse, les quatre candidats qui restent dans la course sont (par ordre alphab\u00e9tique): Mathias Cormann (Australie), Anna\u00a0Diamantopoulou (Gr\u00e8ce), Ulrik V. Knudsen (Danemark) et Cecilia Malmstr\u00f6m (Su\u00e8de).<\/p>\n<p>Les r\u00e9sultats du troisi\u00e8me tour seront d\u00e9voil\u00e9s le 10 f\u00e9vrier. Le processus de nomination devrait se terminer d\u00e9but mars 2021, avec une prise de fonction au 1er juin 2021.<\/p>\n<p><b>Pour rappel<\/b>\u00a0: Forte de ses 37 pays membres et d\u2019un solide r\u00e9seau avec les grands pays \u00e9mergents, l\u2019OCDE se veut la porte-parole de l\u2019\u00e9conomie lib\u00e9rale en d\u00e9fendant les fondamentaux de l\u2019\u00e9conomie de march\u00e9 pour permettre une croissance \u00e9conomique durable \u00e0 long terme.<\/p>\n<p>Membre fondateur de l\u2019OCDE (1961), la Suisse s\u2019est toujours engag\u00e9e dans les travaux de cette Organisation, tant au niveau minist\u00e9riel que dans le cadre des discussions techniques. Pour la Suisse, l\u2019OCDE repr\u00e9sente une source d\u2019analyses \u00e9conomiques fiable, et constitue une v\u00e9ritable plateforme d\u2019\u00e9changes sur les politiques publiques au service des experts de l\u2019administration f\u00e9d\u00e9rale et des milieux acad\u00e9miques.<\/p>\n<\/div>\n","protected":false},"excerpt":{"rendered":"<p>Outre le candidat suisse, les quatre candidats qui restent dans la course sont (par ordre alphab\u00e9tique): Mathias Cormann (Australie), Anna\u00a0Diamantopoulou (Gr\u00e8ce), Ulrik V. Knudsen (Danemark) et Cecilia Malmstr\u00f6m (Su\u00e8de)<\/p>\n","protected":false},"author":4,"featured_media":440357,"comment_status":"open","ping_status":"open","sticky":false,"template":"","format":"standard","meta":{"footnotes":""},"categories":[1171,1170],"tags":[],"vendi":[],"content_country":[],"class_list":["post-440359","post","type-post","status-publish","format-standard","has-post-thumbnail","hentry","category-thematique","category-vivre-en-suisse"],"acf":[],"_links":{"self":[{"href":"https:\/\/www.albinfo.at\/fr\/wp-json\/wp\/v2\/posts\/440359","targetHints":{"allow":["GET"]}}],"collection":[{"href":"https:\/\/www.albinfo.at\/fr\/wp-json\/wp\/v2\/posts"}],"about":[{"href":"https:\/\/www.albinfo.at\/fr\/wp-json\/wp\/v2\/types\/post"}],"author":[{"embeddable":true,"href":"https:\/\/www.albinfo.at\/fr\/wp-json\/wp\/v2\/users\/4"}],"replies":[{"embeddable":true,"href":"https:\/\/www.albinfo.at\/fr\/wp-json\/wp\/v2\/comments?post=440359"}],"version-history":[{"count":0,"href":"https:\/\/www.albinfo.at\/fr\/wp-json\/wp\/v2\/posts\/440359\/revisions"}],"wp:featuredmedia":[{"embeddable":true,"href":"https:\/\/www.albinfo.at\/fr\/wp-json\/wp\/v2\/media\/440357"}],"wp:attachment":[{"href":"https:\/\/www.albinfo.at\/fr\/wp-json\/wp\/v2\/media?parent=440359"}],"wp:term":[{"taxonomy":"category","embeddable":true,"href":"https:\/\/www.albinfo.at\/fr\/wp-json\/wp\/v2\/categories?post=440359"},{"taxonomy":"post_tag","embeddable":true,"href":"https:\/\/www.albinfo.at\/fr\/wp-json\/wp\/v2\/tags?post=440359"},{"taxonomy":"vendi","embeddable":true,"href":"https:\/\/www.albinfo.at\/fr\/wp-json\/wp\/v2\/vendi?post=440359"},{"taxonomy":"content_country","embeddable":true,"href":"https:\/\/www.albinfo.at\/fr\/wp-json\/wp\/v2\/content_country?post=440359"}],"curies":[{"name":"wp","href":"https:\/\/api.w.org\/{rel}","templated":true}]}}