{"id":438419,"date":"2021-01-20T15:40:22","date_gmt":"2021-01-20T14:40:22","guid":{"rendered":"https:\/\/www.albinfo.ch\/?p=438419"},"modified":"2021-01-20T14:57:48","modified_gmt":"2021-01-20T13:57:48","slug":"huume-offrez-du-soin-a-votre-peau","status":"publish","type":"post","link":"https:\/\/www.albinfo.at\/fr\/huume-offrez-du-soin-a-votre-peau\/","title":{"rendered":"HUUM\u00eb, offrez du soin \u00e0 votre peau"},"content":{"rendered":"<p>Au coeur de Prishtine, dans une ruelle calme proche du l\u2019ancien immeuble du rectorat, vous pouvez apercevoir un panneau qui vous plongera dans le monde des produits naturels de soins personnels enti\u00e8rement produits au Kosovo ! Des dizaines de produits aux formules uniques, qui nourrissent votre peau et vos cheveux. C\u2019est HUUM\u00eb, une entreprise sp\u00e9cialis\u00e9e dans les produits aux ingr\u00e9dients 100% naturels, inoffensif pour la sant\u00e9 de l\u2019homme ou la nature.<\/p>\n<p><a href=\"https:\/\/www.albinfo.ch\/wp-content\/uploads\/2021\/01\/huume3.jpg\"><img loading=\"lazy\" decoding=\"async\" class=\"alignnone wp-image-438389\" src=\"https:\/\/www.albinfo.ch\/wp-content\/uploads\/2021\/01\/huume3.jpg\" alt=\"\" width=\"450\" height=\"450\" \/><\/a><\/p>\n<p>La peau est le plus grand organe de l\u2019homme. Saviez-vous que le corps humain absorbe environ 60% des produits qui entrent en contact avec la peau durant les 20 premi\u00e8res secondes\u00a0? C\u2019est pour cette raison qu\u2019Arb\u00ebrore Riza, fondatrice de cette ligne unique de produits pour la peau, a pour mission d\u2019offrir des produits s\u00fbrs et ad\u00e9quats pour la peau et la sant\u00e9.<\/p>\n<p>Les ingr\u00e9dients principaux de la ligne HUUM\u00eb sont les huiles de noix de coco, d\u2019olive, de jojoba, le beurre de karit\u00e9. Ces ingr\u00e9dients sont \u00e0 98% import\u00e9s des pays de l\u2019UE et ils poss\u00e8dent des certificats respectifs qui t\u00e9moignent de leur origine organique et naturelle. Comme l\u2019indique le nom \u00ab\u00a0huma\u00a0\u00bb &#8211; ou argile verte, que l\u2019on peut trouver \u00e0 proximit\u00e9 des rivi\u00e8res, est l\u2019ingr\u00e9dient principal actif de chaque produit qui contient la formule unique d\u2019Arb\u00ebrore.<\/p>\n<p><a href=\"https:\/\/www.albinfo.ch\/wp-content\/uploads\/2021\/01\/huume5.jpg\"><img loading=\"lazy\" decoding=\"async\" class=\"alignnone wp-image-438395\" src=\"https:\/\/www.albinfo.ch\/wp-content\/uploads\/2021\/01\/huume5.jpg\" alt=\"\" width=\"400\" height=\"500\" \/><\/a><\/p>\n<p><strong>Tout a d\u00e9but\u00e9 dans la petite cuisine&#8230; <\/strong><\/p>\n<p>\u201cAvec un engagement, une passion et beaucoup d\u2019amour pour ce que nous faisons, nous sommes fiers d\u2019offrir une qualit\u00e9 test\u00e9e parmi une liste riche en ingr\u00e9dients sains que l\u2019on utilise sur tous nos produits\u00a0\u00bb explique Arb\u00ebrore.<\/p>\n<p>Tout a d\u00e9but\u00e9 en 2018, dans la petite cuisine de sa maison, o\u00f9 elle a \u00e9tabli une mission ambitieuse\u00a0: cr\u00e9er des produits exceptionnels, faits \u00e0 la main et abordables financi\u00e8rement. \u00c0 pr\u00e9sent, dans son magasin en ligne ou physique, on trouve tout ce qui se rapporte \u00e0 l\u2019hygi\u00e8ne personnelle, mais \u00e9galement des cadeaux, des savons pour cheveux, visage et corps, du baume pour les l\u00e8vres, du d\u00e9odorant, des masques visages, des cr\u00e8mes hydratantes pour le corps, des huiles pour le visage et des sels de bain. La gamme de produits vient en s\u2019\u00e9largissant.<\/p>\n<p>&nbsp;<\/p>\n<p>Les formules de chaque produit son approuv\u00e9es par le pharmacien et le technologue de l\u2019entreprise et elles sont test\u00e9es dans le Laboratoire de l\u2019Institut de Sant\u00e9 \u00e0 Skopje.<\/p>\n<p><a href=\"https:\/\/www.albinfo.ch\/wp-content\/uploads\/2021\/01\/huume4.jpg\"><img loading=\"lazy\" decoding=\"async\" class=\"alignnone wp-image-438392\" src=\"https:\/\/www.albinfo.ch\/wp-content\/uploads\/2021\/01\/huume4.jpg\" alt=\"\" width=\"450\" height=\"450\" \/><\/a><\/p>\n<p>Les produits de HUUM\u00eb sont durables \u00e0 long-terme et ne sont pas test\u00e9s sur les animaux, puisque l\u2019une des missions de l\u2019entreprise est de se soucier non seulement pour la peau et les cheveux des clients mais \u00e9galement pour l\u2019\u00e9cosyst\u00e8me de la nature. \u00c0 l\u2019exception des produits 100% naturels, l\u2019entreprise va passer \u00e0 une utilisation totale des emballages respectueux de l\u2019environnement. Cette derni\u00e8re caract\u00e9ristique sera le mot cl\u00e9 de l\u2019identit\u00e9, de la vision et des valeurs de cette marque du Kosovo. En fait, pour Arb\u00ebrore, il est plus important que le produit soit qualitatif non seulement pour la sant\u00e9 et la nature mais \u00e9galement pour une autre raison. \u00ab\u00a0Avec notre travail sans rel\u00e2che et nos produits, nous avons trac\u00e9 la route pour briser les barri\u00e8res qui ne croient pas aux produits locaux\u00a0\u00bb.<\/p>\n<p><strong>HUUM\u00eb te rappelle les parfums du pass\u00e9<\/strong><\/p>\n<p>Une autre motivation d\u2019Arb\u00ebrore est celle d\u2019avoir un impact sur le comportement des consommateurs et de les faire remarquer les avantages d\u2019une utilisation r\u00e9guli\u00e8re du savon pour les cheveux et la peau, comme auparavant. \u00ab\u00a0Je me souviens, \u00e0 la maison, quand j\u2019ai d\u00e9but\u00e9 la production des premiers savons. J\u2019avais un sentiment unique \u00e0 leur encontre et je les traitais comme s\u2019ils m\u2019\u00e9taient inachevables et tr\u00e8s chers. Ils avaient une valeur unique pour moi\u00a0\u00bb explique-t-elle.<\/p>\n<p><a href=\"https:\/\/www.albinfo.ch\/wp-content\/uploads\/2021\/01\/huume1.jpg\"><img loading=\"lazy\" decoding=\"async\" class=\"alignnone wp-image-438383\" src=\"https:\/\/www.albinfo.ch\/wp-content\/uploads\/2021\/01\/huume1.jpg\" alt=\"\" width=\"450\" height=\"450\" \/><\/a><\/p>\n<p>C\u2019est de la que vient le nom de l\u2019entreprise \u2013 HUUM\u00eb. \u00ab\u00a0La g\u00e9n\u00e9ration des grands-parents ont pris soin de leur hygi\u00e8ne \u00e0 l\u2019aide de l\u2019argile verte (hum\u00eb) que l\u2019on trouve pr\u00e8s des rivi\u00e8res. Mais j\u2019y ai rajout\u00e9 un \u00ab\u00a0U\u00a0\u00bb car, lorsqu\u2019on prononce ce mot, on allonge le \u00ab\u00a0U\u00a0\u00bb d\u2019une certaine fa\u00e7on. Le \u00ab\u00a0E\u00a0\u00bb est la lettre qui repr\u00e9sente pour moi l\u2019unicit\u00e9 de la langue albanaise et je voulais une nom de marque originale du d\u00e9but \u00e0 la fin. Ceci est donc l\u2019histoire du nom \u00ab\u00a0HUUM\u00eb\u00a0\u00bb confesse Arb\u00ebrore.<\/p>\n<p>C\u2019est ainsi qu\u2019a d\u00e9but\u00e9 la concr\u00e9tisation d\u2019un passion qui est \u00e0 pr\u00e9sent devenue une profession et une marque reconnue.<\/p>\n<p>&nbsp;<\/p>\n<p><strong>Les produits HUUM\u00eb\u00a0\u00a0<\/strong><\/p>\n<p><a href=\"https:\/\/www.albinfo.ch\/wp-content\/uploads\/2021\/01\/humme7.jpg\"><img loading=\"lazy\" decoding=\"async\" class=\"alignnone wp-image-438380\" src=\"https:\/\/www.albinfo.ch\/wp-content\/uploads\/2021\/01\/humme7.jpg\" alt=\"\" width=\"550\" height=\"417\" \/><\/a><\/p>\n<p>&nbsp;<\/p>\n<p>12 types de savons pour le corps, les cheveux et le visage<\/p>\n<p>2 types de baumes pour les l\u00e8vres<\/p>\n<p>3 types de b\u00e2tons de beurre corporels<\/p>\n<p>1 type de d\u00e9odorant<\/p>\n<p>7 types de masques visages<\/p>\n<p>3 types de sels de bain<\/p>\n<p>2 types de produits vapeur pour le visages, produits avec des plantes aromatiques, qui offrent le m\u00eame effet qu\u2019une inhalation<\/p>\n<p>Huile pour le nettoyage du maquillage pour tous types de peau.<\/p>\n<p>&nbsp;<\/p>\n<p><strong>Comment se procurer des cadeaux \u00e0 HUUM\u00eb\u00a0\u00a0<\/strong><\/p>\n<p>&nbsp;<\/p>\n<p>Adresse: Sheshi N\u00ebn\u00eb Tereza, 49\/B3-1, Prishtin\u00eb, 10 000, Kosovo<\/p>\n<p>Tel: +383 (0) 49 403 303<\/p>\n<p>e-mail: <a href=\"mailto:info@huumenatural.com\">info@huumenatural.com<\/a><\/p>\n<p>FB: <a href=\"https:\/\/www.facebook.com\/huumenatural\">https:\/\/www.facebook.com\/huumenatural<\/a><\/p>\n<p>Instagram: <a href=\"https:\/\/www.instagram.com\/huumenatural\/\">https:\/\/www.instagram.com\/huumenatural\/<\/a><\/p>\n<p>Instagram: <a href=\"https:\/\/www.instagram.com\/huumenatural_sweden\/\">https:\/\/www.instagram.com\/huumenatural_sweden\/<\/a><\/p>\n<p>web: <a href=\"http:\/\/www.huumenatural.com\">www.huumenatural.com<\/a><\/p>\n<p>&nbsp;<\/p>\n<p><strong>Faites connaissance avec Arb\u00ebrore Riza, fondatrice de HUUM\u00eb<\/strong><\/p>\n<p><strong>\u00a0<a href=\"https:\/\/www.albinfo.ch\/wp-content\/uploads\/2021\/01\/arberore-riza-1.jpg\"><img loading=\"lazy\" decoding=\"async\" class=\"alignnone wp-image-438401\" src=\"https:\/\/www.albinfo.ch\/wp-content\/uploads\/2021\/01\/arberore-riza-1.jpg\" alt=\"\" width=\"450\" height=\"331\" \/><\/a><\/strong><\/p>\n<p>Apr\u00e8s une longue carri\u00e8re dans le monde des m\u00e9dias, diff\u00e9rentes organisations et institutions locales, Arb\u00ebrore a d\u00e9cid\u00e9 de se lancer dans le d\u00e9fi suivant\u00a0: celui de l\u2019entreprenariat. Pendant son s\u00e9jour de 10 ans \u00e0 Londres, elle a fait connaissance, de pr\u00e8s, avec les ingr\u00e9dients naturels des produits d\u2019hygi\u00e8ne personnelle et de cosm\u00e9tiques. Petit \u00e0 petit, cet int\u00e9r\u00eat est devenu un hobby personnel et durant son temps libre, elle visitait des magasins qui vendaient des produits de ce genre. Plus tard, elle a commenc\u00e9 \u00e0 s\u2019int\u00e9resser plus intens\u00e9ment par la lecture, les formations et ensuite gr\u00e2ce l\u2019exp\u00e9rimentation sur diff\u00e9rents produits. \u00c0 pr\u00e9sent, HUUM\u00eb a cr\u00e9e une marque solide.<\/p>\n<p>&nbsp;<\/p>\n","protected":false},"excerpt":{"rendered":"<p>Arb\u00ebrore Riza, fondatrice de HUUM\u00eb, une ligne unique de produits pour la peau, a pour mision d\u2019assurer un produit s\u00fbr et ad\u00e9quat pour la peau et la sant\u00e9<\/p>\n","protected":false},"author":4,"featured_media":438374,"comment_status":"open","ping_status":"open","sticky":false,"template":"","format":"standard","meta":{"footnotes":""},"categories":[3949,19748,1159],"tags":[],"vendi":[],"content_country":[31835,31838],"class_list":["post-438419","post","type-post","status-publish","format-standard","has-post-thumbnail","hentry","category-kosova-fr","category-economie","category-ch-balkans","content_country-austria-fr","content_country-germany-fr"],"acf":[],"_links":{"self":[{"href":"https:\/\/www.albinfo.at\/fr\/wp-json\/wp\/v2\/posts\/438419","targetHints":{"allow":["GET"]}}],"collection":[{"href":"https:\/\/www.albinfo.at\/fr\/wp-json\/wp\/v2\/posts"}],"about":[{"href":"https:\/\/www.albinfo.at\/fr\/wp-json\/wp\/v2\/types\/post"}],"author":[{"embeddable":true,"href":"https:\/\/www.albinfo.at\/fr\/wp-json\/wp\/v2\/users\/4"}],"replies":[{"embeddable":true,"href":"https:\/\/www.albinfo.at\/fr\/wp-json\/wp\/v2\/comments?post=438419"}],"version-history":[{"count":0,"href":"https:\/\/www.albinfo.at\/fr\/wp-json\/wp\/v2\/posts\/438419\/revisions"}],"wp:featuredmedia":[{"embeddable":true,"href":"https:\/\/www.albinfo.at\/fr\/wp-json\/wp\/v2\/media\/438374"}],"wp:attachment":[{"href":"https:\/\/www.albinfo.at\/fr\/wp-json\/wp\/v2\/media?parent=438419"}],"wp:term":[{"taxonomy":"category","embeddable":true,"href":"https:\/\/www.albinfo.at\/fr\/wp-json\/wp\/v2\/categories?post=438419"},{"taxonomy":"post_tag","embeddable":true,"href":"https:\/\/www.albinfo.at\/fr\/wp-json\/wp\/v2\/tags?post=438419"},{"taxonomy":"vendi","embeddable":true,"href":"https:\/\/www.albinfo.at\/fr\/wp-json\/wp\/v2\/vendi?post=438419"},{"taxonomy":"content_country","embeddable":true,"href":"https:\/\/www.albinfo.at\/fr\/wp-json\/wp\/v2\/content_country?post=438419"}],"curies":[{"name":"wp","href":"https:\/\/api.w.org\/{rel}","templated":true}]}}