{"id":437789,"date":"2021-01-18T10:59:11","date_gmt":"2021-01-18T09:59:11","guid":{"rendered":"https:\/\/www.albinfo.ch\/?p=437789"},"modified":"2021-01-18T10:59:11","modified_gmt":"2021-01-18T09:59:11","slug":"le-conseil-federal-et-le-parlement-sont-en-faveur-dune-possibilite-didentification-electronique-e-id-reglementee-par-letat","status":"publish","type":"post","link":"https:\/\/www.albinfo.at\/fr\/le-conseil-federal-et-le-parlement-sont-en-faveur-dune-possibilite-didentification-electronique-e-id-reglementee-par-letat\/","title":{"rendered":"Le Conseil f\u00e9d\u00e9ral et le Parlement sont en faveur d\u2019une possibilit\u00e9 d\u2019identification \u00e9lectronique (e-ID) r\u00e9glement\u00e9e par l\u2019\u00c9tat"},"content":{"rendered":"<div class=\"contentHead\"><\/div>\n<div class=\"mod mod-nsbnewsdetails\">\n<p>Beaucoup d&#8217;op\u00e9rations se font aujourd&#8217;hui en ligne. Pour acqu\u00e9rir des marchandises ou des services sur des portails internet priv\u00e9s ou publics, il faut en g\u00e9n\u00e9ral s&#8217;identifier. Diff\u00e9rentes proc\u00e9dures existent d\u00e9j\u00e0 aujourd&#8217;hui, souvent avec un nom d&#8217;utilisateur et un mot de passe. Mais en Suisse, aucun de ces syst\u00e8mes n&#8217;est r\u00e9glement\u00e9 par la loi. C&#8217;est la raison pour laquelle le Conseil f\u00e9d\u00e9ral et le Parlement ont \u00e9labor\u00e9 une base l\u00e9gale pour cr\u00e9er une possibilit\u00e9 d&#8217;identification \u00e9lectronique (e-ID) reconnue par la Conf\u00e9d\u00e9ration. Cette e-ID contr\u00f4l\u00e9e par l&#8217;\u00c9tat permettra aussi \u00e0 l&#8217;avenir de proposer en ligne des offres qui n\u00e9cessitent aujourd&#8217;hui souvent de se pr\u00e9senter physiquement, par exemple conclure un abonnement de t\u00e9l\u00e9phonie mobile, ouvrir un compte bancaire ou commander un extrait du casier judiciaire. L&#8217;acquisition d&#8217;une e-ID est facultative.<\/p>\n<h3>Le contr\u00f4le et la surveillance des e-ID reste l&#8217;apanage de l&#8217;\u00c9tat<\/h3>\n<p>Le r\u00e9f\u00e9rendum a \u00e9t\u00e9 demand\u00e9 contre la loi. Le comit\u00e9 r\u00e9f\u00e9rendaire critique la r\u00e9partition des t\u00e2ches entre l&#8217;\u00c9tat et le secteur priv\u00e9. Mais avec la LSIE, la Conf\u00e9d\u00e9ration conserve sa fonction souveraine. Elle v\u00e9rifie et confirme l&#8217;identit\u00e9 d&#8217;une personne \u00e0 l&#8217;aide des registres dont elle dispose. La mise en \u0153uvre technique et l&#8217;exploitation de l&#8217;e-ID sont en revanche confi\u00e9es \u00e0 des fournisseurs d&#8217;e-ID, qui doivent obtenir une reconnaissance de l&#8217;\u00c9tat et qui sont contr\u00f4l\u00e9s. Ces fournisseurs peuvent \u00eatre des entreprises priv\u00e9es, mais aussi des cantons ou des communes. Les personnes qui souhaitent obtenir une e-ID peuvent choisir \u00e0 quel fournisseur s&#8217;adresser. Si aucun des fournisseurs ne satisfait aux exigences l\u00e9gales notamment en mati\u00e8re de s\u00e9curit\u00e9 et de protection des donn\u00e9es, l&#8217;\u00c9tat peut proposer sa propre solution d&#8217;identification \u00e9lectronique. Cette r\u00e9partition des t\u00e2ches assure le contr\u00f4le de l&#8217;\u00c9tat, d&#8217;une part, et la meilleure utilisation du progr\u00e8s num\u00e9rique, de l&#8217;autre.<\/p>\n<h3>Une commission f\u00e9d\u00e9rale pour le contr\u00f4le de la s\u00e9curit\u00e9 et la protection des donn\u00e9es<\/h3>\n<p>La LSIE garantit que les consommateurs continueront de pouvoir faire de simples achats sur internet sans e-ID. Elle cr\u00e9e par ailleurs une commission f\u00e9d\u00e9rale des e-ID (EIDCOM), qui sera charg\u00e9e de reconna\u00eetre les fournisseurs et leurs syst\u00e8mes techniques. La commission contr\u00f4lera aussi en continu le respect des dispositions l\u00e9gales. La loi sur les services d&#8217;identification \u00e9lectronique va plus loin que celle sur la protection des donn\u00e9es. L&#8217;e-ID est ainsi plus s\u00fbre que les solutions traditionnelles de connexion. Le consentement de l&#8217;utilisateur est requis \u00e0 chaque fois que des donn\u00e9es doivent \u00eatre transmises. De plus, les fournisseurs d&#8217;e-ID ne peuvent utiliser les donn\u00e9es qu&#8217;\u00e0 des fins d&#8217;identification. Ils n&#8217;ont pas le droit d&#8217;en faire un autre usage, ni de les transmettre, notamment aux services en ligne, et doivent les enregistrer sur des serveurs en Suisse.<\/p>\n<h3>L&#8217;e-ID favorise la transition num\u00e9rique<\/h3>\n<p>Gr\u00e2ce \u00e0 l&#8217;e-ID, de nombreuses op\u00e9rations en ligne deviendront plus simples et plus s\u00fbres. La nouvelle loi aidera la Suisse \u00e0 poursuivre son virage num\u00e9rique. Avec cette prestation de base importante, r\u00e9glement\u00e9e par l&#8217;\u00c9tat, de nouvelles offres et possibilit\u00e9s vont appara\u00eetre qui b\u00e9n\u00e9ficieront aux citoyennes et aux citoyens suisses et qui renforceront la place \u00e9conomique suisse.<\/p>\n<\/div>\n","protected":false},"excerpt":{"rendered":"<p>La population suisse votera le 7 mars 2021 sur la loi f\u00e9d\u00e9rale sur les services d\u2019indentification \u00e9lectronique (LSIE). La nouvelle loi cr\u00e9e la base pour une identit\u00e9 \u00e9lectronique reconnue par la Conf\u00e9d\u00e9ration et r\u00e8gle la proc\u00e9dure d\u2019une identification sur internet qui sera univoque, s\u00fbre et pratique. Le r\u00e9f\u00e9rendum a \u00e9t\u00e9 demand\u00e9 contre cette loi<\/p>\n","protected":false},"author":4,"featured_media":437787,"comment_status":"open","ping_status":"open","sticky":false,"template":"","format":"standard","meta":{"footnotes":""},"categories":[1171,1170],"tags":[],"vendi":[],"content_country":[],"class_list":["post-437789","post","type-post","status-publish","format-standard","has-post-thumbnail","hentry","category-thematique","category-vivre-en-suisse"],"acf":[],"_links":{"self":[{"href":"https:\/\/www.albinfo.at\/fr\/wp-json\/wp\/v2\/posts\/437789","targetHints":{"allow":["GET"]}}],"collection":[{"href":"https:\/\/www.albinfo.at\/fr\/wp-json\/wp\/v2\/posts"}],"about":[{"href":"https:\/\/www.albinfo.at\/fr\/wp-json\/wp\/v2\/types\/post"}],"author":[{"embeddable":true,"href":"https:\/\/www.albinfo.at\/fr\/wp-json\/wp\/v2\/users\/4"}],"replies":[{"embeddable":true,"href":"https:\/\/www.albinfo.at\/fr\/wp-json\/wp\/v2\/comments?post=437789"}],"version-history":[{"count":0,"href":"https:\/\/www.albinfo.at\/fr\/wp-json\/wp\/v2\/posts\/437789\/revisions"}],"wp:featuredmedia":[{"embeddable":true,"href":"https:\/\/www.albinfo.at\/fr\/wp-json\/wp\/v2\/media\/437787"}],"wp:attachment":[{"href":"https:\/\/www.albinfo.at\/fr\/wp-json\/wp\/v2\/media?parent=437789"}],"wp:term":[{"taxonomy":"category","embeddable":true,"href":"https:\/\/www.albinfo.at\/fr\/wp-json\/wp\/v2\/categories?post=437789"},{"taxonomy":"post_tag","embeddable":true,"href":"https:\/\/www.albinfo.at\/fr\/wp-json\/wp\/v2\/tags?post=437789"},{"taxonomy":"vendi","embeddable":true,"href":"https:\/\/www.albinfo.at\/fr\/wp-json\/wp\/v2\/vendi?post=437789"},{"taxonomy":"content_country","embeddable":true,"href":"https:\/\/www.albinfo.at\/fr\/wp-json\/wp\/v2\/content_country?post=437789"}],"curies":[{"name":"wp","href":"https:\/\/api.w.org\/{rel}","templated":true}]}}