{"id":435681,"date":"2021-01-08T22:02:19","date_gmt":"2021-01-08T21:02:19","guid":{"rendered":"https:\/\/www.albinfo.ch\/?p=435681"},"modified":"2021-01-08T22:02:19","modified_gmt":"2021-01-08T21:02:19","slug":"coronavirus-larmee-adapte-les-services-et-les-debuts-der","status":"publish","type":"post","link":"https:\/\/www.albinfo.at\/fr\/coronavirus-larmee-adapte-les-services-et-les-debuts-der\/","title":{"rendered":"Coronavirus : l\u2019arm\u00e9e adapte les services et les d\u00e9buts d\u2019ER"},"content":{"rendered":"<div class=\"contentHead\"><\/div>\n<div class=\"mod mod-nsbnewsdetails\">\n<p><strong>Dans les mois \u00e0 venir, l\u2019Arm\u00e9e suisse se concentrera sur la lutte contre la pand\u00e9mie. Ainsi, le premier trimestre 2021 verra principalement des cours de r\u00e9p\u00e9tition organis\u00e9s pour les formations qui peuvent contribuer \u00e0 cette lutte. Par ailleurs, pour certaines des quelque 12 000 recrues attendues, l\u2019\u00e9cole de recrues (ER) d\u00e9butera le 18 janvier \u00e0 domicile sous la forme d\u2019un enseignement \u00e0 distance.<\/strong><\/p>\n<p>Au cours des premiers mois de cette ann\u00e9e, l\u2019Arm\u00e9e suisse se concentre sur sa contribution \u00e0 la gestion de la pand\u00e9mie. Pour les cours de r\u00e9p\u00e9tition, le plan des services a \u00e9t\u00e9 con\u00e7u de telle sorte qu\u2019au premier trimestre 2021, une disponibilit\u00e9 adapt\u00e9e \u00e0 la situation puisse \u00eatre maintenue pour d\u2019\u00e9ventuels engagements au profit des autorit\u00e9s civiles. Environ deux tiers des cours de r\u00e9p\u00e9tition initialement pr\u00e9vus pour cette p\u00e9riode ont \u00e9t\u00e9 report\u00e9s \u00e0 plus tard dans l\u2019ann\u00e9e.<\/p>\n<h2>D\u00e9but d\u2019ER en enseignement \u00e0 distance<\/h2>\n<p>En outre, l\u2019arm\u00e9e veille \u00e0 ce que les \u00e9coles de recrues soient organis\u00e9es avec succ\u00e8s dans les conditions dict\u00e9es par la pand\u00e9mie. L\u2019entr\u00e9e physique dans l\u2019\u00e9cole de recrues est \u00e9chelonn\u00e9e afin de s\u2019assurer que toute recrue dont le test est positif au COVID-19 soit prise en charge de mani\u00e8re optimale et que des mesures d\u2019isolement et de quarantaine appropri\u00e9es puissent \u00eatre mises en \u0153uvre. Tous les cadres entreront comme pr\u00e9vu le 11 janvier. Dans une premi\u00e8re phase, les recrues des \u00e9coles sanitaires et d\u2019h\u00f4pital, entre autres, entreront en service le 18 janvier 2021 afin de pouvoir rapidement compl\u00e9ter leur instruction de base et \u00eatre disponibles pour d\u2019\u00e9ventuels engagements au profit des autorit\u00e9s civiles.<\/p>\n<p>Dans un deuxi\u00e8me temps, les autres recrues entreront physiquement dans les casernes le 8 f\u00e9vrier 2021. D\u2019ici l\u00e0, elles devront passer trois semaines \u00e0 la maison pour acqu\u00e9rir de mani\u00e8re autonome des connaissances th\u00e9oriques de base sur l\u2019arm\u00e9e et la vie militaire quotidienne par le biais de l\u2019enseignement \u00e0 distance, ainsi que pour suivre un programme d\u2019entra\u00eenement sportif. Le programme d\u2019apprentissage est fourni aux recrues par l\u2019arm\u00e9e. Le r\u00e9sultat de l\u2019apprentissage est v\u00e9rifi\u00e9 apr\u00e8s l\u2019entr\u00e9e en service. Les jours pass\u00e9s en enseignement \u00e0 distance, qui implique environ six heures d\u2019autoformation et d\u2019apprentissage par jour et quatre heures d\u2019entra\u00eenement sportif par semaine, sont enti\u00e8rement imput\u00e9s en tant que jours de service.<\/p>\n<p>Avec cette solution, d\u2019une part, le soutien suppl\u00e9mentaire \u00e0 court terme du syst\u00e8me de soins de sant\u00e9 civil par des \u00ab helping hands \u00bb reste possible si n\u00e9cessaire. D\u2019autre part, la formation de la rel\u00e8ve et donc la disponibilit\u00e9 \u00e0 long terme de l\u2019arm\u00e9e au profit de la s\u00e9curit\u00e9 de la Suisse demeurent garanties.<\/p>\n<h2>Tirer les enseignements de 2020<\/h2>\n<p>L\u2019arm\u00e9e fonde ses mesures sur l\u2019exp\u00e9rience acquise gr\u00e2ce \u00e0 plus de 300 000 jours de service effectu\u00e9s en faveur des autorit\u00e9s civiles et \u00e0 deux \u00e9coles de recrues men\u00e9es avec succ\u00e8s en 2020 dans des conditions dict\u00e9es par la pand\u00e9mie de COVID-19. Toutes les prestations sont soumises \u00e0 des concepts de protection, qui sont appliqu\u00e9s rigoureusement et adapt\u00e9s \u00e0 la situation en cas de besoin.<\/p>\n<p>Le dossier consacr\u00e9 au coronavirus sur le site Internet de l\u2019arm\u00e9e contient de plus amples informations sur le plan des services de l\u2019arm\u00e9e pour le premier trimestre 2021 et les ajustements des \u00e9coles de recrues.<\/p>\n<\/div>\n","protected":false},"excerpt":{"rendered":"<p>Environ deux tiers des cours de r\u00e9p\u00e9tition initialement pr\u00e9vus pour cette p\u00e9riode ont \u00e9t\u00e9 report\u00e9s \u00e0 plus tard dans l\u2019ann\u00e9e<\/p>\n","protected":false},"author":4,"featured_media":420881,"comment_status":"open","ping_status":"open","sticky":false,"template":"","format":"standard","meta":{"footnotes":""},"categories":[1171,1170],"tags":[],"vendi":[],"content_country":[],"class_list":["post-435681","post","type-post","status-publish","format-standard","has-post-thumbnail","hentry","category-thematique","category-vivre-en-suisse"],"acf":[],"_links":{"self":[{"href":"https:\/\/www.albinfo.at\/fr\/wp-json\/wp\/v2\/posts\/435681","targetHints":{"allow":["GET"]}}],"collection":[{"href":"https:\/\/www.albinfo.at\/fr\/wp-json\/wp\/v2\/posts"}],"about":[{"href":"https:\/\/www.albinfo.at\/fr\/wp-json\/wp\/v2\/types\/post"}],"author":[{"embeddable":true,"href":"https:\/\/www.albinfo.at\/fr\/wp-json\/wp\/v2\/users\/4"}],"replies":[{"embeddable":true,"href":"https:\/\/www.albinfo.at\/fr\/wp-json\/wp\/v2\/comments?post=435681"}],"version-history":[{"count":0,"href":"https:\/\/www.albinfo.at\/fr\/wp-json\/wp\/v2\/posts\/435681\/revisions"}],"wp:featuredmedia":[{"embeddable":true,"href":"https:\/\/www.albinfo.at\/fr\/wp-json\/wp\/v2\/media\/420881"}],"wp:attachment":[{"href":"https:\/\/www.albinfo.at\/fr\/wp-json\/wp\/v2\/media?parent=435681"}],"wp:term":[{"taxonomy":"category","embeddable":true,"href":"https:\/\/www.albinfo.at\/fr\/wp-json\/wp\/v2\/categories?post=435681"},{"taxonomy":"post_tag","embeddable":true,"href":"https:\/\/www.albinfo.at\/fr\/wp-json\/wp\/v2\/tags?post=435681"},{"taxonomy":"vendi","embeddable":true,"href":"https:\/\/www.albinfo.at\/fr\/wp-json\/wp\/v2\/vendi?post=435681"},{"taxonomy":"content_country","embeddable":true,"href":"https:\/\/www.albinfo.at\/fr\/wp-json\/wp\/v2\/content_country?post=435681"}],"curies":[{"name":"wp","href":"https:\/\/api.w.org\/{rel}","templated":true}]}}