{"id":434095,"date":"2021-01-01T23:59:17","date_gmt":"2021-01-01T22:59:17","guid":{"rendered":"https:\/\/www.albinfo.ch\/?p=434095"},"modified":"2021-01-02T00:27:24","modified_gmt":"2021-01-01T23:27:24","slug":"2021-allocution-de-nouvel-an-du-president-de-la-confederation-guy-parmelin","status":"publish","type":"post","link":"https:\/\/www.albinfo.at\/fr\/2021-allocution-de-nouvel-an-du-president-de-la-confederation-guy-parmelin\/","title":{"rendered":"2021 &#8211; Allocution de Nouvel An du Pr\u00e9sident de la Conf\u00e9d\u00e9ration Guy Parmelin"},"content":{"rendered":"<p><strong>Mes chers Compatriotes, en Suisse et \u00e0 l\u2019\u00e9tranger,<\/strong><\/p>\n<p>Notre pays, comme tant d\u2019autres, a v\u00e9cu une ann\u00e9e sombre. La crise sanitaire nous a durement \u00e9prouv\u00e9s. De nombreuses familles ont perdu des proches et n\u2019ont pas pu faire leur deuil comme elles l\u2019auraient souhait\u00e9. Pour elles, l\u2019ann\u00e9e 2020 restera li\u00e9e au souvenir de cette perte douloureuse. La pand\u00e9mie a boulevers\u00e9 nos existences aussi en envoyant des personnes aux ch\u00f4mage, en d\u00e9truisant des entreprises de tradition ou en mettant nos syst\u00e8mes d\u2019\u00e9ducation et de sant\u00e9 \u00e0 l\u2019\u00e9preuve.<\/p>\n<p>Nous n\u2019avons pratiquement jamais connu pareille situation: voir nos activit\u00e9s au point mort, la population \u00e0 l\u2019isolement, la poign\u00e9e de main bannie de nos codes sociaux. C\u2019est d\u2019autant plus cruel que l\u2019\u00eatre humain, comme le soulignait Aristote, \u00ab est fait par nature pour vivre avec ses semblables \u00bb.<\/p>\n<p>A l\u2019aube de cette ann\u00e9e 2021, le r\u00e9alisme m\u2019interdit de former des v\u0153ux trop enthousiastes. Il m\u2019oblige plut\u00f4t \u00e0 constater que les inconnues sont nombreuses et que la situation demeure pr\u00e9caire. Je tiens n\u00e9anmoins \u00e0 vous adresser du fond du c\u0153ur de chaleureuses pens\u00e9es. A celles et \u00e0 ceux, en priorit\u00e9, qui souffrent de la solitude, de la maladie, de la perte d\u2019un \u00eatre cher ou des rigueurs de l\u2019\u00e2ge. Les effets de la pand\u00e9mie ont encore accentu\u00e9 les difficult\u00e9s personnelles d\u2019un grand nombre d\u2019entre nous. Je tiens \u00e0 vous assurer une nouvelle fois du soutien du Conseil f\u00e9d\u00e9ral et de son engagement constant \u00e0 trouver des solutions permettant \u00e0 notre pays de repartir du bon pied.<\/p>\n<p>J\u2019aimerais tout de m\u00eame vous dire aussi mon optimisme. Pas un optimisme de fa\u00e7ade, non, mais un optimisme de conviction : notre pays a de la ressource. Il affiche une trentaine de Prix Nobel, il a lanc\u00e9 sur les march\u00e9s des inventions dont le monde d\u2019aujourd\u2019hui ne pourrait plus se passer et le \u00ab Swiss made \u00bb repr\u00e9sente partout une empreinte synonyme de qualit\u00e9 et de fiabilit\u00e9.<\/p>\n<p>La Suisse avance, et il en sera ainsi demain \u00e9galement si l\u2019on croit, comme j\u2019y crois, aux vertus de l\u2019\u00e9ducation et de la formation. Vecteurs de savoir et de connaissance, l\u2019\u00e9ducation et la formation sont \u00e0 l\u2019origine de l\u2019innovation, du progr\u00e8s et du rang enviable que nous occupons \u00e0 ce titre parmi les \u00e9conomies les plus avanc\u00e9es de la plan\u00e8te.<\/p>\n<p>Vecteurs de culture et d\u2019ouverture aussi, l\u2019\u00e9ducation et la formation sont langage universel, source de dialogue et d\u2019\u00e9coute. A une \u00e9poque encline aux rapports de forces les plus brisants, elles garantissent l\u2019acc\u00e8s au compromis, qui est un bon chemin vers la r\u00e9solution apais\u00e9e des conflits. Au fond, l\u2019\u00e9ducation et la formation sont les clefs de notre indispensable coh\u00e9sion.<\/p>\n<p>Unie, la Suisse se trouve plus forte pour d\u00e9fendre ses int\u00e9r\u00eats. Avec cran, et avec vigueur s\u2019il le faut. Parce qu\u2019\u00e0 travers eux, elle d\u00e9fend les int\u00e9r\u00eats de chacun d\u2019entre nous : nos libert\u00e9s, notre ind\u00e9pendance, la paix et la concorde dont nous jouissons depuis si longtemps.<\/p>\n<p>En ce 1er janvier s\u2019\u00e9crit une page nouvelle de notre histoire, dont nous aimerions chasser les r\u00e9cents tourments : la r\u00e9signation forc\u00e9e, l\u2019engourdissement g\u00e9n\u00e9ral, un vague sentiment d\u2019effondrement qui conduit fatalement au repli sur soi.<\/p>\n<p>Or, rien n\u2019est pire que la renonciation pour une soci\u00e9t\u00e9 moderne appel\u00e9e \u00e0 assumer son destin collectivement. C\u2019est donc maintenant qu\u2019un sursaut est attendu, maintenant qu\u2019il faut se serrer les coudes, maintenant que nous devons, malgr\u00e9 la prudence toujours impos\u00e9e dans la proximit\u00e9 de nos \u00e9changes, savoir faire preuve de la coh\u00e9sion essentielle \u00e0 nos succ\u00e8s communs.<\/p>\n<p>Il me tient \u00e0 c\u0153ur qu\u2019entre la Suisse des villes et celle des champs, la Suisse de l\u2019exp\u00e9rience et celle de la promesse, la Suisse du progr\u00e8s comme celle de la tradition, la Suisse ais\u00e9e et celle qui l\u2019est moins, nous ne fassions qu\u2019une Suisse !<\/p>\n<p>A toutes et \u00e0 tous, je souhaite dans cet espoir, et d\u2019une seule voix :<\/p>\n<p>Es guets N\u00f6is<\/p>\n<p>Buon Ann<\/p>\n<p>Bun Onn<\/p>\n<p>Bonne ann\u00e9e<\/p>\n","protected":false},"excerpt":{"rendered":"<p>J\u2019aimerais tout de m\u00eame vous dire aussi mon optimisme. Pas un optimisme de fa\u00e7ade, non, mais un optimisme de conviction<\/p>\n","protected":false},"author":4,"featured_media":434016,"comment_status":"open","ping_status":"open","sticky":false,"template":"","format":"standard","meta":{"footnotes":""},"categories":[18826,22521,24630,1170],"tags":[],"vendi":[],"content_country":[31835,31838],"class_list":["post-434095","post","type-post","status-publish","format-standard","has-post-thumbnail","hentry","category-lajme-jeta-ne-zvicer-fr","category-coronavirus-minutes-par-minutes","category-nouvelles","category-vivre-en-suisse","content_country-austria-fr","content_country-germany-fr"],"acf":[],"_links":{"self":[{"href":"https:\/\/www.albinfo.at\/fr\/wp-json\/wp\/v2\/posts\/434095","targetHints":{"allow":["GET"]}}],"collection":[{"href":"https:\/\/www.albinfo.at\/fr\/wp-json\/wp\/v2\/posts"}],"about":[{"href":"https:\/\/www.albinfo.at\/fr\/wp-json\/wp\/v2\/types\/post"}],"author":[{"embeddable":true,"href":"https:\/\/www.albinfo.at\/fr\/wp-json\/wp\/v2\/users\/4"}],"replies":[{"embeddable":true,"href":"https:\/\/www.albinfo.at\/fr\/wp-json\/wp\/v2\/comments?post=434095"}],"version-history":[{"count":0,"href":"https:\/\/www.albinfo.at\/fr\/wp-json\/wp\/v2\/posts\/434095\/revisions"}],"wp:featuredmedia":[{"embeddable":true,"href":"https:\/\/www.albinfo.at\/fr\/wp-json\/wp\/v2\/media\/434016"}],"wp:attachment":[{"href":"https:\/\/www.albinfo.at\/fr\/wp-json\/wp\/v2\/media?parent=434095"}],"wp:term":[{"taxonomy":"category","embeddable":true,"href":"https:\/\/www.albinfo.at\/fr\/wp-json\/wp\/v2\/categories?post=434095"},{"taxonomy":"post_tag","embeddable":true,"href":"https:\/\/www.albinfo.at\/fr\/wp-json\/wp\/v2\/tags?post=434095"},{"taxonomy":"vendi","embeddable":true,"href":"https:\/\/www.albinfo.at\/fr\/wp-json\/wp\/v2\/vendi?post=434095"},{"taxonomy":"content_country","embeddable":true,"href":"https:\/\/www.albinfo.at\/fr\/wp-json\/wp\/v2\/content_country?post=434095"}],"curies":[{"name":"wp","href":"https:\/\/api.w.org\/{rel}","templated":true}]}}