{"id":434091,"date":"2021-01-01T23:48:52","date_gmt":"2021-01-01T22:48:52","guid":{"rendered":"https:\/\/www.albinfo.ch\/?p=434091"},"modified":"2021-01-02T00:21:43","modified_gmt":"2021-01-01T23:21:43","slug":"photo-du-conseil-federal-de-2021-nouveau-regard-sur-un-sujet-deja-connu","status":"publish","type":"post","link":"https:\/\/www.albinfo.at\/fr\/photo-du-conseil-federal-de-2021-nouveau-regard-sur-un-sujet-deja-connu\/","title":{"rendered":"Photo du Conseil f\u00e9d\u00e9ral de 2021 : nouveau regard sur un sujet d\u00e9j\u00e0 connu"},"content":{"rendered":"<div class=\"contentHead\"><\/div>\n<div class=\"mod mod-nsbnewsdetails\">\n<p>La photo du Conseil f\u00e9d\u00e9ral de 2021 montre les sept conseillers f\u00e9d\u00e9raux et le chancelier de la Conf\u00e9d\u00e9ration formant un groupe. L\u2019arri\u00e8re-plan est occup\u00e9 par le palais du Parlement vu du ciel. La photo a \u00e9t\u00e9 prise par Markus A. Jegerlehner pendant le confinement en mai 2020. L\u2019utilisation d\u2019un drone a n\u00e9cessit\u00e9 une autorisation sp\u00e9ciale.<br \/>\nPour le photographe, cette perspective inhabituelle doit inviter \u00e0 poser un nouveau regard sur un sujet d\u00e9j\u00e0 connu. Guy Parmelin ajoute qu&#8217;il est \u00e0 ses yeux important, en ces temps difficiles, que nous portions ensemble un nouveau regard libre de pr\u00e9jug\u00e9s sur ce qui nous semble immuable. Il s\u2019agit pour lui d\u2019une mani\u00e8re concr\u00e8te de contribuer \u00e0 la coh\u00e9sion du pays.<\/p>\n<p>Markus A. Jegerlehner a effectu\u00e9 un stage d\u2019agriculteur dans le domaine de la famille Parmelin, puis a travaill\u00e9 comme steward et ma\u00eetre de cabine chez Swissair\/Swiss International Airlines tout en se formant \u00e0 la photographie. Il s\u2019est fait conna\u00eetre par une photo d\u2019un pilote de Swissair prise sur la plage \u00e0 Rio de Janeiro pendant le grounding, pour laquelle il a \u00e9t\u00e9 r\u00e9compens\u00e9 au Swiss Press Photo Award de 2002 dans la cat\u00e9gorie Actualit\u00e9.<\/p>\n<p>La photo officielle du Conseil f\u00e9d\u00e9ral 2020 a \u00e9t\u00e9 imprim\u00e9e \u00e0 50 000 exemplaires. Elle peut \u00eatre t\u00e9l\u00e9charg\u00e9e ou command\u00e9e sur le site www.admin.ch. On y trouve aussi une vid\u00e9o consacr\u00e9e \u00e0 la gen\u00e8se de la photo.<\/p>\n<\/div>\n","protected":false},"excerpt":{"rendered":"<p>La Chancellerie f\u00e9d\u00e9rale a publi\u00e9 la photo officielle du Conseil f\u00e9d\u00e9ral de 2021. Le pr\u00e9sident de la Conf\u00e9d\u00e9ration Guy Parmelin a choisi le sujet et mandat\u00e9 le photographe Markus A. Jegerlehner pour la prise de vue et le montage de l\u2019image<\/p>\n","protected":false},"author":4,"featured_media":433771,"comment_status":"open","ping_status":"open","sticky":false,"template":"","format":"standard","meta":{"footnotes":""},"categories":[18826,22521,24630,1170],"tags":[],"vendi":[],"content_country":[],"class_list":["post-434091","post","type-post","status-publish","format-standard","has-post-thumbnail","hentry","category-lajme-jeta-ne-zvicer-fr","category-coronavirus-minutes-par-minutes","category-nouvelles","category-vivre-en-suisse"],"acf":[],"_links":{"self":[{"href":"https:\/\/www.albinfo.at\/fr\/wp-json\/wp\/v2\/posts\/434091","targetHints":{"allow":["GET"]}}],"collection":[{"href":"https:\/\/www.albinfo.at\/fr\/wp-json\/wp\/v2\/posts"}],"about":[{"href":"https:\/\/www.albinfo.at\/fr\/wp-json\/wp\/v2\/types\/post"}],"author":[{"embeddable":true,"href":"https:\/\/www.albinfo.at\/fr\/wp-json\/wp\/v2\/users\/4"}],"replies":[{"embeddable":true,"href":"https:\/\/www.albinfo.at\/fr\/wp-json\/wp\/v2\/comments?post=434091"}],"version-history":[{"count":0,"href":"https:\/\/www.albinfo.at\/fr\/wp-json\/wp\/v2\/posts\/434091\/revisions"}],"wp:featuredmedia":[{"embeddable":true,"href":"https:\/\/www.albinfo.at\/fr\/wp-json\/wp\/v2\/media\/433771"}],"wp:attachment":[{"href":"https:\/\/www.albinfo.at\/fr\/wp-json\/wp\/v2\/media?parent=434091"}],"wp:term":[{"taxonomy":"category","embeddable":true,"href":"https:\/\/www.albinfo.at\/fr\/wp-json\/wp\/v2\/categories?post=434091"},{"taxonomy":"post_tag","embeddable":true,"href":"https:\/\/www.albinfo.at\/fr\/wp-json\/wp\/v2\/tags?post=434091"},{"taxonomy":"vendi","embeddable":true,"href":"https:\/\/www.albinfo.at\/fr\/wp-json\/wp\/v2\/vendi?post=434091"},{"taxonomy":"content_country","embeddable":true,"href":"https:\/\/www.albinfo.at\/fr\/wp-json\/wp\/v2\/content_country?post=434091"}],"curies":[{"name":"wp","href":"https:\/\/api.w.org\/{rel}","templated":true}]}}