{"id":432335,"date":"2020-12-25T17:03:20","date_gmt":"2020-12-25T16:03:20","guid":{"rendered":"https:\/\/www.albinfo.ch\/?p=432335"},"modified":"2020-12-25T17:03:20","modified_gmt":"2020-12-25T16:03:20","slug":"covid-19-nouvelle-variante-du-coronavirus-decouverte-dans-deux-echantillons-en-suisse","status":"publish","type":"post","link":"https:\/\/www.albinfo.at\/fr\/covid-19-nouvelle-variante-du-coronavirus-decouverte-dans-deux-echantillons-en-suisse\/","title":{"rendered":"COVID-19 : Nouvelle variante du coronavirus d\u00e9couverte dans deux \u00e9chantillons en Suisse"},"content":{"rendered":"<div class=\"contentHead\"><\/div>\n<div class=\"mod mod-nsbnewsdetails\">\n<p><strong>Ces derniers jours, de nouvelles variantes du coronavirus ont \u00e9t\u00e9 d\u00e9couvertes ind\u00e9pendamment l&#8217;une de l&#8217;autre au Royaume-Uni et en Afrique du Sud. Certains \u00e9l\u00e9ments indiquent que ces variantes sont nettement plus infectieuses et que le virus se propage donc beaucoup plus rapidement que la variante pr\u00e9c\u00e9dente du coronavirus. En Suisse, la nouvelle variante provenant de Grande-Bretagne a \u00e9t\u00e9 d\u00e9tect\u00e9e pour la premi\u00e8re fois dans deux \u00e9chantillons.<\/strong><\/p>\n<p>Apr\u00e8s que la nouvelle variante ait \u00e9t\u00e9 d\u00e9couverte au Royaume-Uni, la Suisse a tr\u00e8s rapidement pris des mesures pour d\u00e9tecter d&#8217;\u00e9ventuelles mutations du virus. Divers \u00e9chantillons de personnes ayant \u00e9t\u00e9 test\u00e9es positives au coronavirus sont actuellement analys\u00e9s par s\u00e9quen\u00e7age en vue d&#8217;une \u00e9ventuelle mutation du virus. L&#8217;objectif est de d\u00e9terminer si une personne avec un r\u00e9sultat positif est porteuse de la nouvelle variante du coronavirus, apparue pour la premi\u00e8re fois au Royaume-Uni.<\/p>\n<p>La mutation en question a \u00e9t\u00e9 d\u00e9tect\u00e9e dans deux \u00e9chantillons provenant de personnes test\u00e9es positives. Ces personnes sont des r\u00e9sidents du Royaume-Uni et ont \u00e9t\u00e9 test\u00e9es positives au coronavirus ici en Suisse. Les \u00e9chantillons ont \u00e9t\u00e9 s\u00e9quenc\u00e9s au Centre national de r\u00e9f\u00e9rence pour les maladies virales \u00e9mergentes \u00e0 Gen\u00e8ve. L\u2019identit\u00e9 des personnes est connue de l&#8217;Office f\u00e9d\u00e9ral de la sant\u00e9 OFSP. Les cantons d&#8217;o\u00f9 proviennent ces \u00e9chantillons ont \u00e9t\u00e9 alert\u00e9s par l&#8217;OFSP de la possibilit\u00e9 que cette variante plus infectieuse y circule.<\/p>\n<p>L&#8217;OFSP part du principe que les personnes test\u00e9es positives sont en isolement. Un canton l&#8217;a d\u00e9j\u00e0 confirm\u00e9 pour l&#8217;une des deux personnes. Les personnes-contacts sont en quarantaine. Un deuxi\u00e8me canton est actuellement en train de contacter la personne concern\u00e9e.<\/p>\n<p>Le 23 d\u00e9cembre, l&#8217;Office f\u00e9d\u00e9ral de la sant\u00e9 publique (OFSP) a envoy\u00e9 un SMS aux Britanniques et aux ressortissants d&#8217;Afrique du Sud en Suisse pour les informer des r\u00e8gles sur le coronavirus qui s&#8217;appliquent \u00e0 eux. Le message informait la personne contact\u00e9e que tous les voyageurs en provenance du Royaume-Uni ou d&#8217;Afrique du Sud qui \u00e9taient arriv\u00e9s en Suisse le 14 d\u00e9cembre 2020 ou apr\u00e8s cette date devraient \u00eatre mis en quarantaine pendant dix jours \u00e0 compter de la date d&#8217;arriv\u00e9e.<\/p>\n<\/div>\n","protected":false},"excerpt":{"rendered":"<p>La mutation en question a \u00e9t\u00e9 d\u00e9tect\u00e9e dans deux \u00e9chantillons provenant de personnes test\u00e9es positives. Ces personnes sont des r\u00e9sidents du Royaume-Uni et ont \u00e9t\u00e9 test\u00e9es positives au coronavirus ici en Suisse<\/p>\n","protected":false},"author":4,"featured_media":426261,"comment_status":"open","ping_status":"open","sticky":false,"template":"","format":"standard","meta":{"footnotes":""},"categories":[18826,22521,24630,1170],"tags":[1671],"vendi":[],"content_country":[31835,31838],"class_list":["post-432335","post","type-post","status-publish","format-standard","has-post-thumbnail","hentry","category-lajme-jeta-ne-zvicer-fr","category-coronavirus-minutes-par-minutes","category-nouvelles","category-vivre-en-suisse","tag-zvicer-fr","content_country-austria-fr","content_country-germany-fr"],"acf":[],"_links":{"self":[{"href":"https:\/\/www.albinfo.at\/fr\/wp-json\/wp\/v2\/posts\/432335","targetHints":{"allow":["GET"]}}],"collection":[{"href":"https:\/\/www.albinfo.at\/fr\/wp-json\/wp\/v2\/posts"}],"about":[{"href":"https:\/\/www.albinfo.at\/fr\/wp-json\/wp\/v2\/types\/post"}],"author":[{"embeddable":true,"href":"https:\/\/www.albinfo.at\/fr\/wp-json\/wp\/v2\/users\/4"}],"replies":[{"embeddable":true,"href":"https:\/\/www.albinfo.at\/fr\/wp-json\/wp\/v2\/comments?post=432335"}],"version-history":[{"count":0,"href":"https:\/\/www.albinfo.at\/fr\/wp-json\/wp\/v2\/posts\/432335\/revisions"}],"wp:featuredmedia":[{"embeddable":true,"href":"https:\/\/www.albinfo.at\/fr\/wp-json\/wp\/v2\/media\/426261"}],"wp:attachment":[{"href":"https:\/\/www.albinfo.at\/fr\/wp-json\/wp\/v2\/media?parent=432335"}],"wp:term":[{"taxonomy":"category","embeddable":true,"href":"https:\/\/www.albinfo.at\/fr\/wp-json\/wp\/v2\/categories?post=432335"},{"taxonomy":"post_tag","embeddable":true,"href":"https:\/\/www.albinfo.at\/fr\/wp-json\/wp\/v2\/tags?post=432335"},{"taxonomy":"vendi","embeddable":true,"href":"https:\/\/www.albinfo.at\/fr\/wp-json\/wp\/v2\/vendi?post=432335"},{"taxonomy":"content_country","embeddable":true,"href":"https:\/\/www.albinfo.at\/fr\/wp-json\/wp\/v2\/content_country?post=432335"}],"curies":[{"name":"wp","href":"https:\/\/api.w.org\/{rel}","templated":true}]}}