{"id":430204,"date":"2020-12-16T21:30:56","date_gmt":"2020-12-16T20:30:56","guid":{"rendered":"https:\/\/www.albinfo.ch\/?p=430204"},"modified":"2020-12-16T21:10:57","modified_gmt":"2020-12-16T20:10:57","slug":"previsions-la-deuxieme-vague-de-covid-19-interrompt-la-reprise-economique","status":"publish","type":"post","link":"https:\/\/www.albinfo.at\/fr\/previsions-la-deuxieme-vague-de-covid-19-interrompt-la-reprise-economique\/","title":{"rendered":"Pr\u00e9visions : la deuxi\u00e8me vague de Covid-19 interrompt la reprise \u00e9conomique"},"content":{"rendered":"<div class=\"contentHead\"><\/div>\n<div class=\"mod mod-nsbnewsdetails\">\n<p><strong>Pr\u00e9visions conjoncturelles du Groupe d\u2019experts de la Conf\u00e9d\u00e9ration \u2013 d\u00e9cembre 2020 &#8211; Cet automne et cet hiver, la deuxi\u00e8me vague de coronavirus p\u00e8sera sur l\u2019\u00e9conomie suisse. Le groupe d\u2019experts r\u00e9vise donc \u00e0 la baisse ses pr\u00e9visions concernant l\u2019\u00e9volution du PIB pour l\u2019ann\u00e9e prochaine. La croissance devrait red\u00e9marrer franchement si la situation \u00e9pid\u00e9miologique s\u2019am\u00e9liore. N\u00e9anmoins, l\u2019incertitude demeure extr\u00eamement \u00e9lev\u00e9e.<\/strong><\/p>\n<p>Cet automne et cet hiver, l\u2019augmentation du nombre de cas de Covid-19 et les mesures de lutte contre la pand\u00e9mie entraveront fortement la croissance de l\u2019\u00e9conomie internationale, particuli\u00e8rement en Europe. N\u00e9anmoins, ces mesures sont g\u00e9n\u00e9ralement moins draconiennes que celles prises le printemps dernier ; globalement, leurs cons\u00e9quences pour l\u2019\u00e9conomie devraient donc \u00eatre moins lourdes.<\/p>\n<p>Le groupe d\u2019experts part du principe que le PIB suisse va reculer au 4e trimestre, mais que la conjoncture ne va pas s\u2019effondrer pour autant. Par ailleurs, les derniers chiffres du PIB r\u00e9v\u00e8lent que, durant les trois derniers trimestres, l\u2019\u00e9conomie suisse s\u2019en est mieux sortie que pr\u00e9vu. Le groupe d\u2019experts pr\u00e9voit donc, pour l\u2019ensemble de l\u2019ann\u00e9e 2020, un recul de \u22123,3 % du PIB corrig\u00e9 des effets des \u00e9v\u00e9nements sportifs (pr\u00e9vision d\u2019octobre : \u22123,8 %), le plus fort enregistr\u00e9 depuis 1975. Quant au taux de ch\u00f4mage annuel, il devrait s\u2019\u00e9tablir autour de 3,2 %.<\/p>\n<p>La propagation du coronavirus et les mesures d\u2019endiguement devraient aussi affecter le d\u00e9but de l\u2019ann\u00e9e 2021. Dans ces conditions, le groupe d\u2019experts a corrig\u00e9 ses pr\u00e9visions pour 2021 \u00e0 la baisse : d\u00e9sormais, il s\u2019attend \u00e0 une croissance de 3,0 % du PIB corrig\u00e9 des effets des \u00e9v\u00e9nements sportifs (pr\u00e9vision d\u2019octobre : +3,8 %), qui est toujours bien audessus de la moyenne \u00e0 long terme. Ainsi, la croissance devrait nettement s\u2019acc\u00e9l\u00e9rer dans le courant de 2021, et le PIB suisse pourrait retrouver son niveau d\u2019avant la crise d\u2019ici fin 2021. Quant au taux de ch\u00f4mage, il devrait dans un premier temps poursuivre sa hausse pour atteindre une moyenne annuelle de 3,3 %.<\/p>\n<p>Ces pr\u00e9visions reposent sur l\u2019hypoth\u00e8se d\u2019une am\u00e9lioration progressive de la situation \u00e9pid\u00e9miologique \u00e0 partir du printemps 2021, gr\u00e2ce notamment \u00e0 la distribution \u00e0 large \u00e9chelle de vaccins contre le Covid-19. Dans ces conditions, on pourrait alors s\u2019attendre temporairement \u00e0 une croissance du PIB sup\u00e9rieure \u00e0 la moyenne, avec un rattrapage de certaines d\u00e9penses de consommation et de certains investissements qui avaient \u00e9t\u00e9 report\u00e9s ; en outre, les exportations de marchandises, en particulier, profiteraient sensiblement de la reprise de l\u2019\u00e9conomie mondiale.<\/p>\n<p>La reprise \u00e9conomique devrait ensuite gagner en ampleur en Suisse. Pour autant qu\u2019en 2022, il ne soit pratiquement plus n\u00e9cessaire de prendre des mesures pour contenir le coronavirus, les secteurs \u00e9conomiques particuli\u00e8rement expos\u00e9s comme le tourisme international de-vraient \u00e9galement sortir de la crise. Pour 2022, le groupe d\u2019experts s\u2019attend \u00e0 une croissance sup\u00e9rieure \u00e0 la moyenne de 3,1 % du PIB corrig\u00e9 des effets des \u00e9v\u00e9nements sportifs. L\u2019emploi devrait nettement progresser, et le taux de ch\u00f4mage baisser \u00e0 3,0 % en moyenne annuelle.<\/p>\n<p><strong>Risques conjoncturels<\/strong><br \/>\nLes principaux risques conjoncturels demeurent li\u00e9s \u00e0 l\u2019\u00e9volution de la pand\u00e9mie de coronavirus et \u00e0 la mani\u00e8re dont les acteurs \u00e9conomiques et politiques y r\u00e9agissent.<\/p>\n<p>La deuxi\u00e8me vague de pand\u00e9mie pourrait avoir moins de r\u00e9percussions n\u00e9gatives sur l\u2019\u00e9conomie que pr\u00e9vu, en particulier \u00e0 l\u2019\u00e9tranger ; en outre, les vaccins contre le Covid-19 pourraient \u00eatre utilis\u00e9s \u00e0 large \u00e9chelle plus vite que pr\u00e9vu, rendant de nouvelles mesures d\u2019endiguement superflues. On pourrait alors tabler sur une reprise conjoncturelle nettement plus rapide.<\/p>\n<p>\u00c0 l\u2019inverse, la reprise pourrait conna\u00eetre un nouveau coup d\u2019arr\u00eat si de fortes vagues de pand\u00e9mie devaient se reproduire durant l\u2019horizon de pr\u00e9vision et s\u2019accompagner de mesures strictes de confinement en Suisse et \u00e0 l\u2019\u00e9tranger. La probabilit\u00e9 d\u2019effets de second tour tels que suppressions d\u2019emplois et faillites d\u2019entreprises en grand nombre s\u2019accro\u00eetrait alors fortement. En outre, les risques li\u00e9s \u00e0 l\u2019augmentation de la dette publique et de la dette des entreprises s\u2019aggraveraient.<\/p>\n<p>Les conflits commerciaux internationaux constituent un autre facteur de risque pour la conjoncture mondiale. Un Brexit \u00ab dur \u00bb la fragiliserait davantage. Enfin, en Suisse, le risque de corrections sur le march\u00e9 de l\u2019immobilier demeure.<\/p>\n<p class=\"nsbtextkasten\"><strong>Remarque :<\/strong><br \/>\nEn raison de la grande incertitude, le SECO compl\u00e8te les pr\u00e9visions conjoncturelles du Groupe d\u2019experts avec deux sc\u00e9narios actualis\u00e9s pour la conjoncture. Ils se trouvent dans le chapitre \u00ab Pr\u00e9visions conjoncturelles \u00bb des \u00ab Tendances conjoncturelles, Hiver 2020\/2021 \u00bb sous www.seco.admin.ch\/previsions-conjoncturelles.<\/p>\n<\/div>\n","protected":false},"excerpt":{"rendered":"<p>Le groupe d\u2019experts pr\u00e9voit donc, pour l\u2019ensemble de l\u2019ann\u00e9e 2020, un recul de \u22123,3 % du PIB corrig\u00e9 des effets des \u00e9v\u00e9nements sportifs (pr\u00e9vision d\u2019octobre : \u22123,8 %), le plus fort enregistr\u00e9 depuis 1975<\/p>\n","protected":false},"author":4,"featured_media":382207,"comment_status":"open","ping_status":"open","sticky":false,"template":"","format":"standard","meta":{"footnotes":""},"categories":[1171,1170],"tags":[],"vendi":[],"content_country":[],"class_list":["post-430204","post","type-post","status-publish","format-standard","has-post-thumbnail","hentry","category-thematique","category-vivre-en-suisse"],"acf":[],"_links":{"self":[{"href":"https:\/\/www.albinfo.at\/fr\/wp-json\/wp\/v2\/posts\/430204","targetHints":{"allow":["GET"]}}],"collection":[{"href":"https:\/\/www.albinfo.at\/fr\/wp-json\/wp\/v2\/posts"}],"about":[{"href":"https:\/\/www.albinfo.at\/fr\/wp-json\/wp\/v2\/types\/post"}],"author":[{"embeddable":true,"href":"https:\/\/www.albinfo.at\/fr\/wp-json\/wp\/v2\/users\/4"}],"replies":[{"embeddable":true,"href":"https:\/\/www.albinfo.at\/fr\/wp-json\/wp\/v2\/comments?post=430204"}],"version-history":[{"count":0,"href":"https:\/\/www.albinfo.at\/fr\/wp-json\/wp\/v2\/posts\/430204\/revisions"}],"wp:featuredmedia":[{"embeddable":true,"href":"https:\/\/www.albinfo.at\/fr\/wp-json\/wp\/v2\/media\/382207"}],"wp:attachment":[{"href":"https:\/\/www.albinfo.at\/fr\/wp-json\/wp\/v2\/media?parent=430204"}],"wp:term":[{"taxonomy":"category","embeddable":true,"href":"https:\/\/www.albinfo.at\/fr\/wp-json\/wp\/v2\/categories?post=430204"},{"taxonomy":"post_tag","embeddable":true,"href":"https:\/\/www.albinfo.at\/fr\/wp-json\/wp\/v2\/tags?post=430204"},{"taxonomy":"vendi","embeddable":true,"href":"https:\/\/www.albinfo.at\/fr\/wp-json\/wp\/v2\/vendi?post=430204"},{"taxonomy":"content_country","embeddable":true,"href":"https:\/\/www.albinfo.at\/fr\/wp-json\/wp\/v2\/content_country?post=430204"}],"curies":[{"name":"wp","href":"https:\/\/api.w.org\/{rel}","templated":true}]}}