{"id":430197,"date":"2020-12-16T21:10:34","date_gmt":"2020-12-16T20:10:34","guid":{"rendered":"https:\/\/www.albinfo.ch\/?p=430197"},"modified":"2020-12-16T20:46:30","modified_gmt":"2020-12-16T19:46:30","slug":"asile-statistiques-du-mois-de-novembre-2020","status":"publish","type":"post","link":"https:\/\/www.albinfo.at\/fr\/asile-statistiques-du-mois-de-novembre-2020\/","title":{"rendered":"Asile: statistiques du mois de novembre 2020"},"content":{"rendered":"<div class=\"contentHead\"><\/div>\n<div class=\"mod mod-nsbnewsdetails\">\n<p>Le Secr\u00e9tariat d&#8217;\u00c9tat aux migrations (SEM) a trait\u00e9 pendant le mois de novembre 2020 1233\u00a0demandes d&#8217;asile en premi\u00e8re instance\u00a0: 277 ont abouti \u00e0 une d\u00e9cision de non-entr\u00e9e en mati\u00e8re (dont 240 sur la base de l&#8217;accord de Dublin), 432 \u00e0 l&#8217;octroi de l&#8217;asile et 301 \u00e0 l&#8217;admission provisoire. Le nombre de cas en suspens en premi\u00e8re instance s&#8217;\u00e9l\u00e8ve \u00e0 4009, un chiffre en hausse de 33\u00a0unit\u00e9s par rapport \u00e0 octobre 2020.<\/p>\n<p>En novembre, 285\u00a0personnes ont quitt\u00e9 la Suisse sous le contr\u00f4le des autorit\u00e9s ou ont \u00e9t\u00e9 rapatri\u00e9es dans leur pays. La Suisse a demand\u00e9 la prise en charge de 422 requ\u00e9rants \u00e0 d&#8217;autres \u00c9tats Dublin, et 101 ont \u00e9t\u00e9 transf\u00e9r\u00e9s dans l&#8217;\u00c9tat comp\u00e9tent. La Suisse a, quant \u00e0 elle, re\u00e7u 370 demandes de prise en charge \u00e9manant d&#8217;autres \u00c9tats Dublin, et 86 personnes ont \u00e9t\u00e9 transf\u00e9r\u00e9es dans notre pays.<\/p>\n<p>En novembre toujours, les principaux pays de provenance des requ\u00e9rants d&#8217;asile en Suisse ont \u00e9t\u00e9 l&#8217;Afghanistan (226\u00a0demandes; +49 par rapport au mois d&#8217;octobre), l&#8217;\u00c9rythr\u00e9e (202\u00a0demandes; +36), l&#8217;Alg\u00e9rie (144\u00a0demandes; +41), la Turquie (113\u00a0demandes; -66), et la Syrie (90 demandes; +14).<\/p>\n<h3>Programme de r\u00e9installation<\/h3>\n<p>Le 29 mai 2019, le Conseil f\u00e9d\u00e9ral a approuv\u00e9 un plan de mise en \u0153uvre du programme de r\u00e9installation, pr\u00e9voyant l&#8217;accueil d&#8217;un maximum de 1600 r\u00e9fugi\u00e9s particuli\u00e8rement vuln\u00e9rables pour la p\u00e9riode 2020\/2021. Suspendues en raison de la crise du COVID-19, les entr\u00e9es relevant de ce contingent ont pu reprendre au mois d&#8217;ao\u00fbt. La Suisse a accueilli 30 personnes au mois de novembre.<\/p>\n<\/div>\n","protected":false},"excerpt":{"rendered":"<p>Au mois de novembre 2020, la Suisse a enregistr\u00e9 1174 demandes d\u2019asile, soit 51 de plus qu\u2019au mois pr\u00e9c\u00e9dent (+4,5 %). Le nombre de demandes a progress\u00e9 de 0,7 % (+8 demandes) par rapport \u00e0 novembre 2019<\/p>\n","protected":false},"author":4,"featured_media":357132,"comment_status":"open","ping_status":"open","sticky":false,"template":"","format":"standard","meta":{"footnotes":""},"categories":[1171,1170],"tags":[],"vendi":[],"content_country":[],"class_list":["post-430197","post","type-post","status-publish","format-standard","has-post-thumbnail","hentry","category-thematique","category-vivre-en-suisse"],"acf":[],"_links":{"self":[{"href":"https:\/\/www.albinfo.at\/fr\/wp-json\/wp\/v2\/posts\/430197","targetHints":{"allow":["GET"]}}],"collection":[{"href":"https:\/\/www.albinfo.at\/fr\/wp-json\/wp\/v2\/posts"}],"about":[{"href":"https:\/\/www.albinfo.at\/fr\/wp-json\/wp\/v2\/types\/post"}],"author":[{"embeddable":true,"href":"https:\/\/www.albinfo.at\/fr\/wp-json\/wp\/v2\/users\/4"}],"replies":[{"embeddable":true,"href":"https:\/\/www.albinfo.at\/fr\/wp-json\/wp\/v2\/comments?post=430197"}],"version-history":[{"count":0,"href":"https:\/\/www.albinfo.at\/fr\/wp-json\/wp\/v2\/posts\/430197\/revisions"}],"wp:featuredmedia":[{"embeddable":true,"href":"https:\/\/www.albinfo.at\/fr\/wp-json\/wp\/v2\/media\/357132"}],"wp:attachment":[{"href":"https:\/\/www.albinfo.at\/fr\/wp-json\/wp\/v2\/media?parent=430197"}],"wp:term":[{"taxonomy":"category","embeddable":true,"href":"https:\/\/www.albinfo.at\/fr\/wp-json\/wp\/v2\/categories?post=430197"},{"taxonomy":"post_tag","embeddable":true,"href":"https:\/\/www.albinfo.at\/fr\/wp-json\/wp\/v2\/tags?post=430197"},{"taxonomy":"vendi","embeddable":true,"href":"https:\/\/www.albinfo.at\/fr\/wp-json\/wp\/v2\/vendi?post=430197"},{"taxonomy":"content_country","embeddable":true,"href":"https:\/\/www.albinfo.at\/fr\/wp-json\/wp\/v2\/content_country?post=430197"}],"curies":[{"name":"wp","href":"https:\/\/api.w.org\/{rel}","templated":true}]}}