{"id":430192,"date":"2020-12-16T20:40:52","date_gmt":"2020-12-16T19:40:52","guid":{"rendered":"https:\/\/www.albinfo.ch\/?p=430192"},"modified":"2020-12-16T20:40:52","modified_gmt":"2020-12-16T19:40:52","slug":"vaccin-contre-le-covid-19-le-conseiller-federal-alain-berset-sentretient-avec-les-ministres-europeens-de-la-sante","status":"publish","type":"post","link":"https:\/\/www.albinfo.at\/fr\/vaccin-contre-le-covid-19-le-conseiller-federal-alain-berset-sentretient-avec-les-ministres-europeens-de-la-sante\/","title":{"rendered":"Vaccin contre le Covid-19 : le conseiller f\u00e9d\u00e9ral Alain Berset s\u2019entretient avec les ministres europ\u00e9ens de la Sant\u00e9"},"content":{"rendered":"<div class=\"contentHead\"><\/div>\n<div class=\"mod mod-nsbnewsdetails\">\n<p><strong>Le conseiller f\u00e9d\u00e9ral Alain Berset a particip\u00e9 aujourd\u2019hui \u00e0 une r\u00e9union minist\u00e9rielle virtuelle pour discuter avec ses homologues europ\u00e9ens du vaccin contre le COVID-19 et des strat\u00e9gies de vaccination. Une \u00e9troite coordination au niveau international est essentielle, en particulier pour les questions transfrontali\u00e8res.<\/strong><\/p>\n<p>Sur invitation du ministre fran\u00e7ais de la Sant\u00e9 Olivier V\u00e9ran, le conseiller f\u00e9d\u00e9ral Alain Berset a particip\u00e9 aujourd&#8217;hui \u00e0 une r\u00e9union minist\u00e9rielle virtuelle sur les strat\u00e9gies de vaccination contre le COVID-19. Les ministres de la Sant\u00e9 Salvador Illa (Espagne) et Roberto Speranza (Italie) ainsi que d&#8217;autres repr\u00e9sentants de haut rang de Belgique, d&#8217;Allemagne, du Luxembourg et des Pays-Bas y ont \u00e9galement assist\u00e9.<\/p>\n<p>Les discussions ont port\u00e9 sur les strat\u00e9gies nationales de vaccination, les recommandations et les campagnes y relatives, les questions logistiques et le calendrier. Des aspects transfrontaliers ont aussi \u00e9t\u00e9 abord\u00e9s. Dans ce contexte, le conseiller f\u00e9d\u00e9ral Alain Berset a pr\u00e9sent\u00e9 la strat\u00e9gie suisse de vaccination et a inform\u00e9 de l&#8217;avancement des travaux en Suisse.<\/p>\n<p>Dans leur d\u00e9claration conjointe, les ministres de la Sant\u00e9 ont soulign\u00e9 l&#8217;importance de la coop\u00e9ration et de l&#8217;information mutuelle. Concernant les strat\u00e9gies de vaccination, il est essentiel d&#8217;\u00e9tablir une collaboration \u00e9troite avec les Etats voisins et d&#8217;autres partenaires europ\u00e9ens, ainsi qu&#8217;entre les autorit\u00e9s comp\u00e9tentes en mati\u00e8re d&#8217;autorisation. Il importe, entre autres, de trouver de bonnes solutions pour les frontaliers et pour d&#8217;autres questions transfrontali\u00e8res. L&#8217;\u00e9change \u00e9troit au niveau international sera donc maintenu dans cette perspective.<\/p>\n<\/div>\n","protected":false},"excerpt":{"rendered":"<p>Les discussions ont port\u00e9 sur les strat\u00e9gies nationales de vaccination, les recommandations et les campagnes y relatives, les questions logistiques et le calendrier. Des aspects transfrontaliers ont aussi \u00e9t\u00e9 abord\u00e9s<\/p>\n","protected":false},"author":4,"featured_media":412773,"comment_status":"open","ping_status":"open","sticky":false,"template":"","format":"standard","meta":{"footnotes":""},"categories":[1171,1170],"tags":[],"vendi":[],"content_country":[],"class_list":["post-430192","post","type-post","status-publish","format-standard","has-post-thumbnail","hentry","category-thematique","category-vivre-en-suisse"],"acf":[],"_links":{"self":[{"href":"https:\/\/www.albinfo.at\/fr\/wp-json\/wp\/v2\/posts\/430192","targetHints":{"allow":["GET"]}}],"collection":[{"href":"https:\/\/www.albinfo.at\/fr\/wp-json\/wp\/v2\/posts"}],"about":[{"href":"https:\/\/www.albinfo.at\/fr\/wp-json\/wp\/v2\/types\/post"}],"author":[{"embeddable":true,"href":"https:\/\/www.albinfo.at\/fr\/wp-json\/wp\/v2\/users\/4"}],"replies":[{"embeddable":true,"href":"https:\/\/www.albinfo.at\/fr\/wp-json\/wp\/v2\/comments?post=430192"}],"version-history":[{"count":0,"href":"https:\/\/www.albinfo.at\/fr\/wp-json\/wp\/v2\/posts\/430192\/revisions"}],"wp:featuredmedia":[{"embeddable":true,"href":"https:\/\/www.albinfo.at\/fr\/wp-json\/wp\/v2\/media\/412773"}],"wp:attachment":[{"href":"https:\/\/www.albinfo.at\/fr\/wp-json\/wp\/v2\/media?parent=430192"}],"wp:term":[{"taxonomy":"category","embeddable":true,"href":"https:\/\/www.albinfo.at\/fr\/wp-json\/wp\/v2\/categories?post=430192"},{"taxonomy":"post_tag","embeddable":true,"href":"https:\/\/www.albinfo.at\/fr\/wp-json\/wp\/v2\/tags?post=430192"},{"taxonomy":"vendi","embeddable":true,"href":"https:\/\/www.albinfo.at\/fr\/wp-json\/wp\/v2\/vendi?post=430192"},{"taxonomy":"content_country","embeddable":true,"href":"https:\/\/www.albinfo.at\/fr\/wp-json\/wp\/v2\/content_country?post=430192"}],"curies":[{"name":"wp","href":"https:\/\/api.w.org\/{rel}","templated":true}]}}