{"id":428634,"date":"2020-12-10T13:03:37","date_gmt":"2020-12-10T12:03:37","guid":{"rendered":"https:\/\/www.albinfo.ch\/?p=428634"},"modified":"2020-12-10T13:03:37","modified_gmt":"2020-12-10T12:03:37","slug":"journee-daction-en-parler-trouver-de-laide","status":"publish","type":"post","link":"https:\/\/www.albinfo.at\/fr\/journee-daction-en-parler-trouver-de-laide\/","title":{"rendered":"Journ\u00e9e d\u2019action \u00ab En parler. Trouver de l\u2019aide. \u00bb"},"content":{"rendered":"<div class=\"contentHead\">\n<div class=\"mod mod-contentpage\">\n<article class=\"clearfix\">Le coronavirus ne constitue pas seulement un danger pour notre condition physique ; la pand\u00e9mie repr\u00e9sente \u00e9galement une pression sur le moral de nombreuses personnes.<\/p>\n<\/article>\n<\/div>\n<\/div>\n<div class=\"mod mod-text\">\n<article class=\"clearfix\">Vous ne vous sentez pas bien ou vous vous inqui\u00e9tez pour quelqu\u2019un ? Essayez d\u2019en parler. Le PDF suivant indique o\u00f9 vous pouvez trouver de l&#8217;aide.<\/p>\n<\/article>\n<\/div>\n<div class=\"mod mod-download\">\n<p><a class=\"icon icon--before icon--pdf\" title=\"Sant\u00e9 psychique : offres de soutien\" href=\"https:\/\/www.bag.admin.ch\/dam\/bag\/fr\/dokumente\/cc\/kom\/aktionstag-hilfangebote-psyges.pdf.download.pdf\/psyges_hilfestellung_plakat_fr.pdf\">Sant\u00e9 psychique : offres de soutien<span class=\"text-dimmed\"> (PDF, 898 kB, 09.12.2020)<\/span><\/a><\/p>\n<p>&nbsp;<\/p>\n<\/div>\n<div class=\"mod mod-text\">\n<article class=\"clearfix\">\n<h2>Journ\u00e9e d\u2019action \u00ab En parler. Trouver de l\u2019aide. \u00bb De quoi s\u2019agit-il ?<\/h2>\n<p>En Suisse, la crise du coronavirus affecte le psychisme de bon nombre de personnes. \u00c0 l\u02bcoccasion de la journ\u00e9e d\u02bcaction \u00ab En parler. Trouver de l\u2019aide. \u00bb, divers acteurs se pencheront sur la sant\u00e9 psychique. Les personnes dans des situations difficiles b\u00e9n\u00e9ficieront d\u02bcactions de solidarit\u00e9 et seront inform\u00e9es des offres d\u2019aide concr\u00e8tes. La journ\u00e9e sensibilisera la population \u00e0 \u00eatre attentive \u00e0 son entourage et \u00e0 apporter de l\u2019aide.<\/p>\n<p>La journ\u00e9e \u00ab En parler. Trouver de l\u2019aide. \u00bb est organis\u00e9e par l\u2019OFSP sur mandat du Conseil f\u00e9d\u00e9ral, en collaboration avec les organisations d\u2019entraide La Main Tendue, Pro Juventute, Pro Senectute, Pro Mente Sana, Caritas, la Croix-Rouge suisse et de nombreux autres acteurs.<\/p>\n<\/article>\n<\/div>\n<div class=\"mod mod-text\">\n<article class=\"clearfix\">\n<h2>Briser le tabou de la sant\u00e9 psychique<\/h2>\n<p>Le 10 d\u00e9cembre, les personnes qui souffrent psychiquement, leurs proches et les professionnels du domaine prennent la parole pour faire part de leurs exp\u00e9riences et de leurs d\u00e9marches lors de cette p\u00e9riode sp\u00e9ciale que constitue la pand\u00e9mie. Des organisations sp\u00e9cialis\u00e9es pr\u00e9sentent leurs offres de soutien pour les personnes concern\u00e9es et indiquent les centres de conseil o\u00f9 trouver une aide facilement accessible.<\/p>\n<\/article>\n<\/div>\n","protected":false},"excerpt":{"rendered":"<p>Aujourd&#8217;hui aura lieu la journ\u00e9e d\u2019action \u00ab En parler. Trouver de l\u2019aide. \u00bb dans toute la Suisse. Elle doit contribuer \u00e0 renforcer la sant\u00e9 psychique en cette p\u00e9riode de coronavirus<\/p>\n","protected":false},"author":4,"featured_media":350502,"comment_status":"open","ping_status":"open","sticky":false,"template":"","format":"standard","meta":{"footnotes":""},"categories":[34914,24630,24632],"tags":[1425],"vendi":[],"content_country":[31835,31838],"class_list":["post-428634","post","type-post","status-publish","format-standard","has-post-thumbnail","hentry","category-la-vie-en-allemagne","category-nouvelles","category-nouvelles-fr","tag-gjermani-fr","content_country-austria-fr","content_country-germany-fr"],"acf":[],"_links":{"self":[{"href":"https:\/\/www.albinfo.at\/fr\/wp-json\/wp\/v2\/posts\/428634","targetHints":{"allow":["GET"]}}],"collection":[{"href":"https:\/\/www.albinfo.at\/fr\/wp-json\/wp\/v2\/posts"}],"about":[{"href":"https:\/\/www.albinfo.at\/fr\/wp-json\/wp\/v2\/types\/post"}],"author":[{"embeddable":true,"href":"https:\/\/www.albinfo.at\/fr\/wp-json\/wp\/v2\/users\/4"}],"replies":[{"embeddable":true,"href":"https:\/\/www.albinfo.at\/fr\/wp-json\/wp\/v2\/comments?post=428634"}],"version-history":[{"count":0,"href":"https:\/\/www.albinfo.at\/fr\/wp-json\/wp\/v2\/posts\/428634\/revisions"}],"wp:featuredmedia":[{"embeddable":true,"href":"https:\/\/www.albinfo.at\/fr\/wp-json\/wp\/v2\/media\/350502"}],"wp:attachment":[{"href":"https:\/\/www.albinfo.at\/fr\/wp-json\/wp\/v2\/media?parent=428634"}],"wp:term":[{"taxonomy":"category","embeddable":true,"href":"https:\/\/www.albinfo.at\/fr\/wp-json\/wp\/v2\/categories?post=428634"},{"taxonomy":"post_tag","embeddable":true,"href":"https:\/\/www.albinfo.at\/fr\/wp-json\/wp\/v2\/tags?post=428634"},{"taxonomy":"vendi","embeddable":true,"href":"https:\/\/www.albinfo.at\/fr\/wp-json\/wp\/v2\/vendi?post=428634"},{"taxonomy":"content_country","embeddable":true,"href":"https:\/\/www.albinfo.at\/fr\/wp-json\/wp\/v2\/content_country?post=428634"}],"curies":[{"name":"wp","href":"https:\/\/api.w.org\/{rel}","templated":true}]}}