{"id":428269,"date":"2020-12-09T10:52:52","date_gmt":"2020-12-09T09:52:52","guid":{"rendered":"https:\/\/www.albinfo.ch\/?p=428269"},"modified":"2020-12-09T10:52:52","modified_gmt":"2020-12-09T09:52:52","slug":"politique-europeenne-de-la-migration-et-de-lasile-la-suisse-aussi-a-une-part-de-responsabilite","status":"publish","type":"post","link":"https:\/\/www.albinfo.at\/fr\/politique-europeenne-de-la-migration-et-de-lasile-la-suisse-aussi-a-une-part-de-responsabilite\/","title":{"rendered":"Politique europ\u00e9enne de la migration et de l\u2019asile : la Suisse aussi a une part de responsabilit\u00e9"},"content":{"rendered":"<p>La d\u00e9couverte des conditions de vie des r\u00e9fugi\u00e9s dans le camp de Moria, sur l&#8217;\u00eele grecque de Lesbos, a fait prendre conscience \u00e0 l&#8217;opinion publique des faiblesses de l&#8217;actuel syst\u00e8me europ\u00e9en en mati\u00e8re d&#8217;asile. Le r\u00e8glement Dublin, qui est le c\u0153ur de ce syst\u00e8me, pr\u00e9sente d&#8217;importantes lacunes. En effet, la responsabilit\u00e9 d&#8217;accueillir les r\u00e9fugi\u00e9s et d&#8217;instruire les proc\u00e9\u00addures d&#8217;asile incombe principalement aux \u00c9tats situ\u00e9s aux fronti\u00e8res ext\u00e9rieures de l&#8217;espace Schengen. En septembre 2020, la Commission europ\u00e9enne a propos\u00e9 un nouveau d\u00e9part et pr\u00e9sent\u00e9 le cadre d&#8217;une nouvelle politique europ\u00e9enne de migration et d&#8217;asile.<\/p>\n<h3>Protection et dignit\u00e9 des r\u00e9fugi\u00e9s<\/h3>\n<p>Les r\u00e9formes propos\u00e9es comportent des risques consid\u00e9rables en mati\u00e8re de droits humains. La Suisse prend part aux discussions men\u00e9es actuellement par le Conseil \u00ab\u00a0Justice et affaires int\u00e9rieures\u00a0\u00bb au sujet de propositions l\u00e9gislatives. Dans sa prise de position, la CFM recommande \u00e0 la Suisse de s&#8217;engager avec conviction en faveur de la protection et de la dignit\u00e9 des r\u00e9fugi\u00e9s : le long des routes migratoires, lors du franchissement de la fronti\u00e8re, dans les zones de transit et l\u00e0 o\u00f9 ils arrivent. Pour r\u00e9duire les risques, il faut des acc\u00e8s s\u00fbrs \u00e0 une proc\u00e9dure d&#8217;asile, des voies de migration l\u00e9gales et de v\u00e9ritables partenariats avec les pays d&#8217;origine et de transit.<\/p>\n<h3>Responsabilit\u00e9 partag\u00e9e de la Suisse<\/h3>\n<p>La Suisse est associ\u00e9e aux accords de Schengen et de Dublin. \u00c0 ce titre, elle a son mot \u00e0 dire sur la politique europ\u00e9enne de migration et d&#8217;asile. Elle participe aussi, avec des ressources financi\u00e8res et humaines, aux agences europ\u00e9ennes EASO et Frontex, qui sont comp\u00e9tentes pour les proc\u00e9dures d&#8217;asile, la surveillance des fronti\u00e8res ext\u00e9rieures de Schengen et la gestion des retours. Elle est repr\u00e9sent\u00e9e dans les conseils d&#8217;administration de ces deux agences. Au cours des prochaines ann\u00e9es, la Suisse devrait en outre investir 200\u00a0millions de francs dans des projets visant \u00e0 renforcer la gestion des fronti\u00e8res dans certains \u00c9tats membres.<\/p>\n<h3>Propositions de r\u00e9forme concernant la politique europ\u00e9enne de migration et d&#8217;asile<\/h3>\n<p>Depuis des ann\u00e9es, les \u00c9tats membres de l&#8217;Europe peinent \u00e0 s&#8217;unir sur la question d&#8217;un m\u00e9canisme de r\u00e9partition obligatoire comme base pour une collaboration solidaire. Le syst\u00e8me Dublin a \u00e9t\u00e9 r\u00e9vis\u00e9 plusieurs fois, mais la r\u00e9forme est bloqu\u00e9e depuis quelques ann\u00e9es. Les propositions de r\u00e9forme de grande ampleur que la Commission europ\u00e9enne pr\u00e9sente actuellement vont dans le sens d&#8217;un renforcement de la mutualisation. Il s&#8217;agit de mieux corr\u00e9ler les processus des agences EASO et Frontex, de renforcer la surveillance des fronti\u00e8res ext\u00e9rieures et d&#8217;encourager les retours. Une d\u00e9cision concernant l&#8217;application d&#8217;une proc\u00e9dure acc\u00e9l\u00e9r\u00e9e \u00e0 la fronti\u00e8re, le refoulement de la personne vers l&#8217;\u00c9tat de provenance ou de transit, ou encore sa relocalisation serait alors prise d\u00e8s son arriv\u00e9e en zone de transit, avant m\u00eame l&#8217;entr\u00e9e dans l&#8217;espace Schengen. Les pays d&#8217;arriv\u00e9e resteront en principe comp\u00e9tents pour le traitement des proc\u00e9dures d&#8217;asile. Chaque \u00c9tat pourrait \u00e0 l&#8217;avenir d\u00e9cider lui-m\u00eame comment il entend soutenir les autres \u00c9tats dans une situation de crise\u00a0: par l&#8217;accueil de personnes qui ont besoin d&#8217;une protection, en participant aux renvois ou en fournissant des aides mat\u00e9rielles \u00e0 la gestion de la migration. Cette r\u00e9partition se ferait donc sur la base d&#8217;une cl\u00e9 obligatoire, mais flexible. Il reste \u00e0 savoir si &#8211; et comment &#8211; ces propositions de r\u00e9forme seront mises en \u0153uvre.<\/p>\n<p><strong>\u00a0<\/strong><\/p>\n","protected":false},"excerpt":{"rendered":"<p>Alors que l\u2019Europe entame des discussions sur un cadre global pour une nouvelle politique de la migration et de l\u2019asile, il s\u2019agit pour la Suisse de r\u00e9fl\u00e9chir au r\u00f4le qu\u2019elle a \u00e0 jouer. La Suisse est int\u00e9gr\u00e9e dans le syst\u00e8me europ\u00e9en de l\u2019asile et elle assume de ce fait une part de responsabilit\u00e9 pour ce syst\u00e8me. Les enjeux en mati\u00e8re de droits humains sont consid\u00e9rables. Dans sa prise de position intitul\u00e9e \u00ab Un nouveau cadre pour une politique europ\u00e9enne de migration et d\u2019asile : Grand investissement \u2013 grande responsabilit\u00e9 pour la Suisse \u00bb, la Commission f\u00e9d\u00e9rale des migrations CFM recommande que la Suisse s\u2019engage r\u00e9solument en faveur de la protection et de la dignit\u00e9 des r\u00e9fugi\u00e9s, dans toutes les instances europ\u00e9ennes o\u00f9 elle participe \u00e0 l\u2019\u00e9laboration des politiques de migration et d\u2019asile. <\/p>\n","protected":false},"author":10,"featured_media":428275,"comment_status":"open","ping_status":"open","sticky":false,"template":"","format":"standard","meta":{"footnotes":""},"categories":[1171,1170],"tags":[],"vendi":[],"content_country":[],"class_list":["post-428269","post","type-post","status-publish","format-standard","has-post-thumbnail","hentry","category-thematique","category-vivre-en-suisse"],"acf":[],"_links":{"self":[{"href":"https:\/\/www.albinfo.at\/fr\/wp-json\/wp\/v2\/posts\/428269","targetHints":{"allow":["GET"]}}],"collection":[{"href":"https:\/\/www.albinfo.at\/fr\/wp-json\/wp\/v2\/posts"}],"about":[{"href":"https:\/\/www.albinfo.at\/fr\/wp-json\/wp\/v2\/types\/post"}],"author":[{"embeddable":true,"href":"https:\/\/www.albinfo.at\/fr\/wp-json\/wp\/v2\/users\/10"}],"replies":[{"embeddable":true,"href":"https:\/\/www.albinfo.at\/fr\/wp-json\/wp\/v2\/comments?post=428269"}],"version-history":[{"count":0,"href":"https:\/\/www.albinfo.at\/fr\/wp-json\/wp\/v2\/posts\/428269\/revisions"}],"wp:featuredmedia":[{"embeddable":true,"href":"https:\/\/www.albinfo.at\/fr\/wp-json\/wp\/v2\/media\/428275"}],"wp:attachment":[{"href":"https:\/\/www.albinfo.at\/fr\/wp-json\/wp\/v2\/media?parent=428269"}],"wp:term":[{"taxonomy":"category","embeddable":true,"href":"https:\/\/www.albinfo.at\/fr\/wp-json\/wp\/v2\/categories?post=428269"},{"taxonomy":"post_tag","embeddable":true,"href":"https:\/\/www.albinfo.at\/fr\/wp-json\/wp\/v2\/tags?post=428269"},{"taxonomy":"vendi","embeddable":true,"href":"https:\/\/www.albinfo.at\/fr\/wp-json\/wp\/v2\/vendi?post=428269"},{"taxonomy":"content_country","embeddable":true,"href":"https:\/\/www.albinfo.at\/fr\/wp-json\/wp\/v2\/content_country?post=428269"}],"curies":[{"name":"wp","href":"https:\/\/api.w.org\/{rel}","templated":true}]}}