{"id":427553,"date":"2020-12-05T23:45:51","date_gmt":"2020-12-05T22:45:51","guid":{"rendered":"https:\/\/www.albinfo.ch\/?p=427553"},"modified":"2020-12-05T23:45:51","modified_gmt":"2020-12-05T22:45:51","slug":"leadership-mondial-ancrage-en-suisse-le-conseil-federal-fixe-les-orientations-de-la-politique-en-matiere-de-marches-financiers","status":"publish","type":"post","link":"https:\/\/www.albinfo.at\/fr\/leadership-mondial-ancrage-en-suisse-le-conseil-federal-fixe-les-orientations-de-la-politique-en-matiere-de-marches-financiers\/","title":{"rendered":"Leadership mondial, ancrage en Suisse: le Conseil f\u00e9d\u00e9ral fixe les orientations de la politique en mati\u00e8re de march\u00e9s financiers"},"content":{"rendered":"<div class=\"contentHead\"><strong>Lors de sa s\u00e9ance du 4 d\u00e9cembre 2020, le Conseil f\u00e9d\u00e9ral a fix\u00e9 les orientations strat\u00e9giques de la politique en mati\u00e8re de march\u00e9s financiers. La Suisse doit continuer \u00e0 figurer parmi les principales places financi\u00e8res mondiales afin de renforcer encore l\u2019attrait de sa place \u00e9conomique sur la sc\u00e8ne internationale. Pour cela, il s\u2019agira de combiner des qualit\u00e9s \u00e9prouv\u00e9es, telles que la stabilit\u00e9, la s\u00e9curit\u00e9 et la confiance, \u00e0 une ouverture aux nouveaux d\u00e9veloppements comme les technologies financi\u00e8res et la finance durable. La Conf\u00e9d\u00e9ration cr\u00e9e \u00e0 cet effet le meilleur cadre possible. <\/strong><\/div>\n<div class=\"mod mod-nsbnewsdetails\">\n<p>Une place financi\u00e8re forte est un atout d\u00e9cisif pour l\u2019\u00e9conomie suisse. Compte tenu des \u00e9volutions internationales et des progr\u00e8s technologiques rapides, le Conseil f\u00e9d\u00e9ral estime qu\u2019un d\u00e9veloppement strat\u00e9gique de la politique en mati\u00e8re de march\u00e9s financiers s\u2019impose afin que la Suisse continue \u00e0 figurer parmi les principales places financi\u00e8res mondiales. En fonction de trois axes que sont l\u2019innovation, l\u2019interconnexion et la durabilit\u00e9, le Conseil f\u00e9d\u00e9ral a d\u00e9fini des champs d\u2019action concrets pour une place financi\u00e8re suisse tourn\u00e9e vers l\u2019avenir.<\/p>\n<p><b>Innovation:<\/b> les acteurs traditionnels tout comme les nouveaux acteurs de la place financi\u00e8re doivent pouvoir exploiter de fa\u00e7on optimale les multiples possibilit\u00e9s offertes par les nouvelles technologies, par exemple les mod\u00e8les d\u2019affaires bas\u00e9s sur les donn\u00e9es. Dans ce but, le Conseil f\u00e9d\u00e9ral d\u00e9finit le cadre r\u00e9glementaire d\u2019une fa\u00e7on qui soit neutre sur le plan technologique et il encourage l\u2019innovation dans le secteur financier. Il faut promouvoir l\u2019ouverture et la standardisation des interfaces, tant au sein du secteur financier qu\u2019entre l\u2019\u00c9tat et les entreprises.<\/p>\n<p><b>Interconnexion:<\/b> dans un contexte international en constante \u00e9volution, le Conseil f\u00e9d\u00e9ral fait valoir activement les int\u00e9r\u00eats de la Suisse dans les instances multilat\u00e9rales et aupr\u00e8s de ses partenaires bilat\u00e9raux. Il s\u2019engage en outre en faveur de march\u00e9s ouverts. Il veille \u00e0 la mise en place de conditions attrayantes et compatibles au niveau international et \u00e0 l\u2019adoption de solutions pragmatiques pour la Suisse, qui permettent de continuer d\u2019assurer \u00e0 la place financi\u00e8re une dimension mondiale. Les avantages de la place \u00e9conomique suisse sont activement communiqu\u00e9s au niveau international.<\/p>\n<p><b>Durabilit\u00e9:<\/b> seul un secteur financier s\u2019alignant sur les objectifs de d\u00e9veloppement durable d\u00e9finis dans l\u2019Agenda 2030 pourra faire face \u00e0 l\u2019avenir. En collaboration avec les services comp\u00e9tents, le Conseil f\u00e9d\u00e9ral veille ainsi \u00e0 une stabilit\u00e9 globale du secteur, \u00e0 l\u2019int\u00e9grit\u00e9 de la place financi\u00e8re, gr\u00e2ce \u00e0 un dispositif efficace de lutte contre la criminalit\u00e9 financi\u00e8re et d\u2019autres risques, et \u00e0 une transparence accrue des investissements dans le contexte du changement climatique.<\/p>\n<\/div>\n","protected":false},"excerpt":{"rendered":"<p>En fonction de trois axes que sont l\u2019innovation, l\u2019interconnexion et la durabilit\u00e9, le Conseil f\u00e9d\u00e9ral a d\u00e9fini des champs d\u2019action concrets pour une place financi\u00e8re suisse tourn\u00e9e vers l\u2019avenir<\/p>\n","protected":false},"author":4,"featured_media":380445,"comment_status":"open","ping_status":"open","sticky":false,"template":"","format":"standard","meta":{"footnotes":""},"categories":[1171,1170],"tags":[],"vendi":[],"content_country":[],"class_list":["post-427553","post","type-post","status-publish","format-standard","has-post-thumbnail","hentry","category-thematique","category-vivre-en-suisse"],"acf":[],"_links":{"self":[{"href":"https:\/\/www.albinfo.at\/fr\/wp-json\/wp\/v2\/posts\/427553","targetHints":{"allow":["GET"]}}],"collection":[{"href":"https:\/\/www.albinfo.at\/fr\/wp-json\/wp\/v2\/posts"}],"about":[{"href":"https:\/\/www.albinfo.at\/fr\/wp-json\/wp\/v2\/types\/post"}],"author":[{"embeddable":true,"href":"https:\/\/www.albinfo.at\/fr\/wp-json\/wp\/v2\/users\/4"}],"replies":[{"embeddable":true,"href":"https:\/\/www.albinfo.at\/fr\/wp-json\/wp\/v2\/comments?post=427553"}],"version-history":[{"count":0,"href":"https:\/\/www.albinfo.at\/fr\/wp-json\/wp\/v2\/posts\/427553\/revisions"}],"wp:featuredmedia":[{"embeddable":true,"href":"https:\/\/www.albinfo.at\/fr\/wp-json\/wp\/v2\/media\/380445"}],"wp:attachment":[{"href":"https:\/\/www.albinfo.at\/fr\/wp-json\/wp\/v2\/media?parent=427553"}],"wp:term":[{"taxonomy":"category","embeddable":true,"href":"https:\/\/www.albinfo.at\/fr\/wp-json\/wp\/v2\/categories?post=427553"},{"taxonomy":"post_tag","embeddable":true,"href":"https:\/\/www.albinfo.at\/fr\/wp-json\/wp\/v2\/tags?post=427553"},{"taxonomy":"vendi","embeddable":true,"href":"https:\/\/www.albinfo.at\/fr\/wp-json\/wp\/v2\/vendi?post=427553"},{"taxonomy":"content_country","embeddable":true,"href":"https:\/\/www.albinfo.at\/fr\/wp-json\/wp\/v2\/content_country?post=427553"}],"curies":[{"name":"wp","href":"https:\/\/api.w.org\/{rel}","templated":true}]}}