{"id":427511,"date":"2020-12-05T21:40:40","date_gmt":"2020-12-05T20:40:40","guid":{"rendered":"https:\/\/www.albinfo.ch\/?p=427511"},"modified":"2020-12-05T21:35:36","modified_gmt":"2020-12-05T20:35:36","slug":"le-conseiller-federal-ignazio-cassis-participe-a-la-reunion-du-conseil-ministeriel-de-losce","status":"publish","type":"post","link":"https:\/\/www.albinfo.at\/fr\/le-conseiller-federal-ignazio-cassis-participe-a-la-reunion-du-conseil-ministeriel-de-losce\/","title":{"rendered":"le conseiller f\u00e9d\u00e9ral Ignazio Cassis participe \u00e0 la r\u00e9union du Conseil minist\u00e9riel de l\u2019OSCE"},"content":{"rendered":"<div class=\"contentHead\">\n<p><strong>Le conseiller f\u00e9d\u00e9ral Ignazio Cassis a particip\u00e9 \u00e0 la r\u00e9union du Conseil minist\u00e9riel de l\u2019Organisation pour la s\u00e9curit\u00e9 et la coop\u00e9ration en Europe (OSCE), organis\u00e9e par vid\u00e9oconf\u00e9rence le 3 d\u00e9cembre 2020. \u00c0 cette occasion, il a appel\u00e9 au renforcement de l\u2019organisation et invit\u00e9 les \u00c9tats participants \u00e0 trouver un consensus concernant les nominations aux postes cl\u00e9s de l\u2019OSCE. <\/strong><\/p>\n<\/div>\n<div class=\"mod mod-nsbnewsdetails\">\n<p>Organis\u00e9e cette ann\u00e9e sous la pr\u00e9sidence albanaise, la 27e r\u00e9union du Conseil minist\u00e9riel de l\u2019OSCE aurait d\u00fb se tenir les 3 et 4 d\u00e9cembre \u00e0 Tirana. Mais en raison de la situation actuelle li\u00e9e \u00e0 la pand\u00e9mie de COVID-19, la r\u00e9union a eu lieu par vid\u00e9oconf\u00e9rence. Dans son allocution, le conseiller f\u00e9d\u00e9ral Ignazio Cassis a soulign\u00e9 le r\u00f4le central que joue l\u2019OSCE pour la s\u00e9curit\u00e9, non seulement en Europe de mani\u00e8re g\u00e9n\u00e9rale, mais \u00e9galement pour la Suisse. Il a rappel\u00e9 l\u2019importance du bon fonctionnement de l\u2019organisation et plaid\u00e9 en faveur du renforcement de sa capacit\u00e9 d\u2019action.<\/p>\n<p>\u00ab L\u2019OSCE, qui dispose d\u2019une large palette d\u2019instruments pour g\u00e9rer les crises et les conflits, doit \u00eatre renforc\u00e9e \u00bb, a d\u00e9clar\u00e9 le chef du D\u00e9partement f\u00e9d\u00e9ral des affaires \u00e9trang\u00e8res (DFAE). \u00c0 ses yeux, cela est plus important que jamais compte tenu de la situation au B\u00e9larus, de la crise du Haut-Karabakh et du conflit dans l\u2019est de l\u2019Ukraine.<\/p>\n<p>Le conseiller f\u00e9d\u00e9ral Ignazio Cassis s\u2019est f\u00e9licit\u00e9 que la pr\u00e9sidence albanaise de l\u2019OSCE ait pr\u00e9sent\u00e9 un ensemble de candidatures \u00e9quilibr\u00e9 pour les quatre postes cl\u00e9s de l\u2019organisation qui sont actuellement vacants. Il a appel\u00e9 tous les \u00c9tats participants \u00e0 trouver un consensus sur ces nominations.<\/p>\n<p>Enfin, le chef du DFAE a r\u00e9affirm\u00e9 que la Suisse continuerait de s\u2019engager en faveur de l\u2019organisation: \u00abPensons \u00e0 l\u2019apr\u00e8s-demain afin de prendre aujourd\u2019hui les bonnes mesures pour demain\u00bb.<\/p>\n<\/div>\n","protected":false},"excerpt":{"rendered":"<p>Organis\u00e9e cette ann\u00e9e sous la pr\u00e9sidence albanaise, la 27e r\u00e9union du Conseil minist\u00e9riel de l\u2019OSCE aurait d\u00fb se tenir les 3 et 4 d\u00e9cembre \u00e0 Tirana. Mais en raison de la situation actuelle li\u00e9e \u00e0 la pand\u00e9mie de COVID-19, la r\u00e9union a eu lieu par vid\u00e9oconf\u00e9rence<\/p>\n","protected":false},"author":4,"featured_media":427510,"comment_status":"open","ping_status":"open","sticky":false,"template":"","format":"standard","meta":{"footnotes":""},"categories":[1171,1170],"tags":[],"vendi":[],"content_country":[],"class_list":["post-427511","post","type-post","status-publish","format-standard","has-post-thumbnail","hentry","category-thematique","category-vivre-en-suisse"],"acf":[],"_links":{"self":[{"href":"https:\/\/www.albinfo.at\/fr\/wp-json\/wp\/v2\/posts\/427511","targetHints":{"allow":["GET"]}}],"collection":[{"href":"https:\/\/www.albinfo.at\/fr\/wp-json\/wp\/v2\/posts"}],"about":[{"href":"https:\/\/www.albinfo.at\/fr\/wp-json\/wp\/v2\/types\/post"}],"author":[{"embeddable":true,"href":"https:\/\/www.albinfo.at\/fr\/wp-json\/wp\/v2\/users\/4"}],"replies":[{"embeddable":true,"href":"https:\/\/www.albinfo.at\/fr\/wp-json\/wp\/v2\/comments?post=427511"}],"version-history":[{"count":0,"href":"https:\/\/www.albinfo.at\/fr\/wp-json\/wp\/v2\/posts\/427511\/revisions"}],"wp:featuredmedia":[{"embeddable":true,"href":"https:\/\/www.albinfo.at\/fr\/wp-json\/wp\/v2\/media\/427510"}],"wp:attachment":[{"href":"https:\/\/www.albinfo.at\/fr\/wp-json\/wp\/v2\/media?parent=427511"}],"wp:term":[{"taxonomy":"category","embeddable":true,"href":"https:\/\/www.albinfo.at\/fr\/wp-json\/wp\/v2\/categories?post=427511"},{"taxonomy":"post_tag","embeddable":true,"href":"https:\/\/www.albinfo.at\/fr\/wp-json\/wp\/v2\/tags?post=427511"},{"taxonomy":"vendi","embeddable":true,"href":"https:\/\/www.albinfo.at\/fr\/wp-json\/wp\/v2\/vendi?post=427511"},{"taxonomy":"content_country","embeddable":true,"href":"https:\/\/www.albinfo.at\/fr\/wp-json\/wp\/v2\/content_country?post=427511"}],"curies":[{"name":"wp","href":"https:\/\/api.w.org\/{rel}","templated":true}]}}