{"id":426339,"date":"2020-11-30T21:36:56","date_gmt":"2020-11-30T20:36:56","guid":{"rendered":"https:\/\/www.albinfo.ch\/?p=426339"},"modified":"2020-11-30T21:36:56","modified_gmt":"2020-11-30T20:36:56","slug":"ambulatoire-avant-le-stationnaire-les-objectifs-sont-atteints","status":"publish","type":"post","link":"https:\/\/www.albinfo.at\/fr\/ambulatoire-avant-le-stationnaire-les-objectifs-sont-atteints\/","title":{"rendered":"Ambulatoire avant le stationnaire : les objectifs sont atteints"},"content":{"rendered":"<div class=\"contentHead\"><\/div>\n<div class=\"mod mod-nsbnewsdetails\">\n<p><strong>Les objectifs vis\u00e9s par le transfert en 2019 de six groupes d\u2019interventions chirurgicales du stationnaire \u00e0 l\u2019ambulatoire ont \u00e9t\u00e9 atteints. Cette d\u00e9cision prise par le D\u00e9partement f\u00e9d\u00e9ral de l\u2019int\u00e9rieur (DFI) s\u2019est en effet traduite par une baisse des op\u00e9rations r\u00e9alis\u00e9es en milieu stationnaire. Une diminution des co\u00fbts a \u00e9galement \u00e9t\u00e9 constat\u00e9e pour ces six groupes d\u2019interventions. Telle est la conclusion du monitorage mandat\u00e9 par l\u2019Office f\u00e9d\u00e9ral de la sant\u00e9 publique (OFSP) aupr\u00e8s de l\u2019Observatoire suisse de la sant\u00e9 (Obsan).<\/strong><\/p>\n<p>Depuis 2019, six groupes d&#8217;interventions chirurgicales sont pris en charge uniquement en ambulatoire par l&#8217;assurance obligatoire des soins (AOS), sauf quand l&#8217;intervention s&#8217;av\u00e8re n\u00e9cessaire en milieu stationnaire. Le D\u00e9partement f\u00e9d\u00e9ral de l&#8217;int\u00e9rieur (DFI) avait consid\u00e9r\u00e9 qu&#8217;une prise en charge en ambulatoire dans des cas plus indiqu\u00e9s d&#8217;un point de vue m\u00e9dical \u00e9tait mieux adapt\u00e9e aux patients et n\u00e9cessitait moins de ressources. Plusieurs cantons avaient d\u00e9j\u00e0 \u00e9tabli leurs propres listes, dont certaines vont au-del\u00e0 des six groupes d&#8217;intervention d\u00e9cid\u00e9 au niveau f\u00e9d\u00e9ral. La d\u00e9cision du DFI visait aussi \u00e0 cr\u00e9er une r\u00e9glementation uniforme de ces interventions pour tous les assur\u00e9s de Suisse.<\/p>\n<p>Selon le monitorage de l&#8217;Obsan command\u00e9 par l&#8217;OFSP, le taux d&#8217;interventions r\u00e9alis\u00e9es en milieu stationnaire, \u00e0 savoir le nombre d&#8217;op\u00e9rations par rapport \u00e0 la population, a diminu\u00e9 plus fortement depuis 2019 que pendant les ann\u00e9es pr\u00e9c\u00e9dentes. L&#8217;ampleur de cette baisse varie selon le groupe d&#8217;op\u00e9rations, entre &#8211;\u00a017\u00a0pour cent pour l&#8217;arthroscopie du genou \u00e0 &#8211;\u00a048\u00a0pour cent pour les h\u00e9morro\u00efdes. En corollaire, le taux d&#8217;op\u00e9rations r\u00e9alis\u00e9es en ambulatoire a augment\u00e9 dans la majorit\u00e9 des cas.<\/p>\n<h2>Diminution des co\u00fbts constat\u00e9e<\/h2>\n<p>Le monitorage montre \u00e9galement que le taux total des interventions, \u00e0 savoir le nombre d&#8217;interventions par rapport \u00e0 la population, n&#8217;a pas plus diminu\u00e9 en 2019 que les ann\u00e9es pr\u00e9c\u00e9dentes. Les co\u00fbts totaux des interventions examin\u00e9es ont l\u00e9g\u00e8rement diminu\u00e9 en cons\u00e9quence.<\/p>\n<p>La liste des six groupes d&#8217;interventions concern\u00e9s se trouve dans l&#8217;Annexe 1a de l&#8217;Ordonnance sur les prestations des soins (OPAS). Toutes les donn\u00e9es statistiques sur le monitorage sont disponibles sur le site de l&#8217;Obsan.<\/p>\n<\/div>\n","protected":false},"excerpt":{"rendered":"<p>Depuis 2019, six groupes d&#8217;interventions chirurgicales sont pris en charge uniquement en ambulatoire par l&#8217;assurance obligatoire des soins (AOS), sauf quand l&#8217;intervention s&#8217;av\u00e8re n\u00e9cessaire en milieu stationnaire<\/p>\n","protected":false},"author":4,"featured_media":327426,"comment_status":"open","ping_status":"open","sticky":false,"template":"","format":"standard","meta":{"footnotes":""},"categories":[1171,1170],"tags":[],"vendi":[],"content_country":[],"class_list":["post-426339","post","type-post","status-publish","format-standard","has-post-thumbnail","hentry","category-thematique","category-vivre-en-suisse"],"acf":[],"_links":{"self":[{"href":"https:\/\/www.albinfo.at\/fr\/wp-json\/wp\/v2\/posts\/426339","targetHints":{"allow":["GET"]}}],"collection":[{"href":"https:\/\/www.albinfo.at\/fr\/wp-json\/wp\/v2\/posts"}],"about":[{"href":"https:\/\/www.albinfo.at\/fr\/wp-json\/wp\/v2\/types\/post"}],"author":[{"embeddable":true,"href":"https:\/\/www.albinfo.at\/fr\/wp-json\/wp\/v2\/users\/4"}],"replies":[{"embeddable":true,"href":"https:\/\/www.albinfo.at\/fr\/wp-json\/wp\/v2\/comments?post=426339"}],"version-history":[{"count":0,"href":"https:\/\/www.albinfo.at\/fr\/wp-json\/wp\/v2\/posts\/426339\/revisions"}],"wp:featuredmedia":[{"embeddable":true,"href":"https:\/\/www.albinfo.at\/fr\/wp-json\/wp\/v2\/media\/327426"}],"wp:attachment":[{"href":"https:\/\/www.albinfo.at\/fr\/wp-json\/wp\/v2\/media?parent=426339"}],"wp:term":[{"taxonomy":"category","embeddable":true,"href":"https:\/\/www.albinfo.at\/fr\/wp-json\/wp\/v2\/categories?post=426339"},{"taxonomy":"post_tag","embeddable":true,"href":"https:\/\/www.albinfo.at\/fr\/wp-json\/wp\/v2\/tags?post=426339"},{"taxonomy":"vendi","embeddable":true,"href":"https:\/\/www.albinfo.at\/fr\/wp-json\/wp\/v2\/vendi?post=426339"},{"taxonomy":"content_country","embeddable":true,"href":"https:\/\/www.albinfo.at\/fr\/wp-json\/wp\/v2\/content_country?post=426339"}],"curies":[{"name":"wp","href":"https:\/\/api.w.org\/{rel}","templated":true}]}}