{"id":425875,"date":"2020-11-28T23:31:29","date_gmt":"2020-11-28T22:31:29","guid":{"rendered":"https:\/\/www.albinfo.ch\/?p=425875"},"modified":"2020-11-28T23:31:29","modified_gmt":"2020-11-28T22:31:29","slug":"la-vignette-2021-est-verte","status":"publish","type":"post","link":"https:\/\/www.albinfo.at\/fr\/la-vignette-2021-est-verte\/","title":{"rendered":"La vignette 2021 est verte"},"content":{"rendered":"<div class=\"contentHead\"><\/div>\n<div class=\"mod mod-nsbnewsdetails\">\n<p><strong>La nouvelle vignette autorouti\u00e8re sera disponible \u00e0 partir du 1er d\u00e9cembre 2020 dans les points de vente habituels. Sa couleur de fond est vert m\u00e9tallis\u00e9. Le mill\u00e9sime est orange sur la face autocollante et blanc au recto. Le prix de la vignette reste inchang\u00e9 \u00e0 40 francs.<\/strong><\/p>\n<p>Valable du 1er\u00a0d\u00e9cembre 2020 au 31 janvier 2022, la vignette peut comme toujours \u00eatre obtenue aupr\u00e8s des stations-service, des garages, des guichets postaux, des services des automobiles et des bureaux de douane. Les conducteurs doivent retirer les vignettes p\u00e9rim\u00e9es du pare-brise pour ne pas g\u00eaner la visibilit\u00e9.<\/p>\n<h2>La vignette est \u00e0 coller directement sur le pare-brise<\/h2>\n<p>Pour \u00eatre valable, la vignette doit \u00eatre coll\u00e9e directement sur le v\u00e9hicule \u00e0 l&#8217;emplacement prescrit sans qu&#8217;il soit fait usage d&#8217;autres mat\u00e9riaux: pour les voitures de tourisme, sur la face interne du pare-brise; pour les remorques et les motocycles, sur une partie facilement accessible et non interchangeable. La vignette n&#8217;est valable que pour le v\u00e9hicule sur lequel elle est coll\u00e9e. Il est interdit de recoller la vignette, apr\u00e8s l&#8217;avoir enlev\u00e9e, sur le m\u00eame v\u00e9hicule ou sur un autre v\u00e9hicule.<\/p>\n<h2>La vignette \u00e9lectronique sera disponible au plus t\u00f4t en 2022<\/h2>\n<p>Le projet de loi relatif \u00e0 l&#8217;introduction de la vignette \u00e9lectronique est actuellement examin\u00e9 par le Parlement. La vignette \u00e9lectronique ne sera pas disponible avant d\u00e9cembre 2021 (d\u00e9but de la p\u00e9riode de validit\u00e9 de la vignette 2022).<\/p>\n<\/div>\n","protected":false},"excerpt":{"rendered":"<p>Le mill\u00e9sime est orange sur la face autocollante et blanc au recto. Le prix de la vignette reste inchang\u00e9 \u00e0 40 francs<\/p>\n","protected":false},"author":4,"featured_media":425870,"comment_status":"open","ping_status":"open","sticky":false,"template":"","format":"standard","meta":{"footnotes":""},"categories":[1171,1170],"tags":[],"vendi":[],"content_country":[],"class_list":["post-425875","post","type-post","status-publish","format-standard","has-post-thumbnail","hentry","category-thematique","category-vivre-en-suisse"],"acf":[],"_links":{"self":[{"href":"https:\/\/www.albinfo.at\/fr\/wp-json\/wp\/v2\/posts\/425875","targetHints":{"allow":["GET"]}}],"collection":[{"href":"https:\/\/www.albinfo.at\/fr\/wp-json\/wp\/v2\/posts"}],"about":[{"href":"https:\/\/www.albinfo.at\/fr\/wp-json\/wp\/v2\/types\/post"}],"author":[{"embeddable":true,"href":"https:\/\/www.albinfo.at\/fr\/wp-json\/wp\/v2\/users\/4"}],"replies":[{"embeddable":true,"href":"https:\/\/www.albinfo.at\/fr\/wp-json\/wp\/v2\/comments?post=425875"}],"version-history":[{"count":0,"href":"https:\/\/www.albinfo.at\/fr\/wp-json\/wp\/v2\/posts\/425875\/revisions"}],"wp:featuredmedia":[{"embeddable":true,"href":"https:\/\/www.albinfo.at\/fr\/wp-json\/wp\/v2\/media\/425870"}],"wp:attachment":[{"href":"https:\/\/www.albinfo.at\/fr\/wp-json\/wp\/v2\/media?parent=425875"}],"wp:term":[{"taxonomy":"category","embeddable":true,"href":"https:\/\/www.albinfo.at\/fr\/wp-json\/wp\/v2\/categories?post=425875"},{"taxonomy":"post_tag","embeddable":true,"href":"https:\/\/www.albinfo.at\/fr\/wp-json\/wp\/v2\/tags?post=425875"},{"taxonomy":"vendi","embeddable":true,"href":"https:\/\/www.albinfo.at\/fr\/wp-json\/wp\/v2\/vendi?post=425875"},{"taxonomy":"content_country","embeddable":true,"href":"https:\/\/www.albinfo.at\/fr\/wp-json\/wp\/v2\/content_country?post=425875"}],"curies":[{"name":"wp","href":"https:\/\/api.w.org\/{rel}","templated":true}]}}