{"id":425866,"date":"2020-11-28T23:00:59","date_gmt":"2020-11-28T22:00:59","guid":{"rendered":"https:\/\/www.albinfo.ch\/?p=425866"},"modified":"2020-11-28T23:00:59","modified_gmt":"2020-11-28T22:00:59","slug":"directives-sur-la-representation-des-communautes-linguistiques-et-des-sexes-dans-les-organes-de-direction-supremes-des-entreprises-proches-de-la-confederation","status":"publish","type":"post","link":"https:\/\/www.albinfo.at\/fr\/directives-sur-la-representation-des-communautes-linguistiques-et-des-sexes-dans-les-organes-de-direction-supremes-des-entreprises-proches-de-la-confederation\/","title":{"rendered":"Directives sur la repr\u00e9sentation des communaut\u00e9s linguistiques et des sexes dans les organes de direction supr\u00eames des entreprises proches de la Conf\u00e9d\u00e9ration"},"content":{"rendered":"<div class=\"contentHead\">\n<p><span style=\"font-size: 16px;\">Le Conseil f\u00e9d\u00e9ral veille \u00e0 ce que les communaut\u00e9s linguistiques et les sexes soient repr\u00e9sent\u00e9s de mani\u00e8re \u00e9quitable au sein des organes de direction supr\u00eames des entreprises et des \u00e9tablissements proches de la Conf\u00e9d\u00e9ration. \u00c0 cet effet, il a examin\u00e9 la r\u00e9glementation actuelle et \u00e9dict\u00e9 de nouvelles directives lors de sa s\u00e9ance du 25\u00a0novembre 2020. Les nouvelles dispositions s\u2019appliquent aux organes de direction supr\u00eames vis\u00e9s \u00e0 l\u2019art.\u00a02, al.\u00a02, de l\u2019ordonnance sur les salaires des cadres. Le rapport sur le salaire des cadres, adress\u00e9 par le Conseil f\u00e9d\u00e9ral \u00e0 la D\u00e9l\u00e9gation des finances des Chambres f\u00e9d\u00e9rales, rendra compte chaque ann\u00e9e de l\u2019\u00e9volution de la situation.<\/span><\/p>\n<\/div>\n<div class=\"mod mod-nsbnewsdetails\">\n<p>Les valeurs de r\u00e9f\u00e9rence concernant la repr\u00e9sentation des communaut\u00e9s linguistiques ont \u00e9t\u00e9 fix\u00e9es sur la base des r\u00e9sultats du relev\u00e9 structurel du recensement f\u00e9d\u00e9ral de la population\u00a02010. Au cours des dix derni\u00e8res ann\u00e9es, la part des langues nationales au sein de la population r\u00e9sidente permanente de la Suisse a chang\u00e9. Pour cette raison, les valeurs de r\u00e9f\u00e9rence seront adapt\u00e9es au 1er\u00a0janvier 2021 de la mani\u00e8re suivante (valeurs actuelles entre parenth\u00e8ses): allemand 62,2\u00a0% (65,5\u00a0%); fran\u00e7ais 22,9\u00a0% (22,8\u00a0%); italien 8,0\u00a0% (8,4\u00a0%) et romanche 0,5\u00a0% (0,6\u00a0%).<b><\/b><\/p>\n<p>Le quota cible en mati\u00e8re de repr\u00e9sentation des sexes passera de 30\u00a0% \u00e0 40\u00a0%. Les entreprises et \u00e9tablissements proches de la Conf\u00e9d\u00e9ration devront ainsi remplir des exigences plus \u00e9lev\u00e9es que les soci\u00e9t\u00e9s cot\u00e9es en bourse, qui doivent atteindre un quota de 30\u00a0%. Les entreprises et les \u00e9tablissements proches de la Conf\u00e9d\u00e9ration sont tenus de satisfaire \u00e0 cette exigence minimale au plus tard \u00e0 la fin de l&#8217;ann\u00e9e\u00a02023. Lorsque les d\u00e9partements soumettent une proposition de nomination dans les organes de direction supr\u00eames, ils doivent justifier les \u00e9carts existants par rapport aux valeurs de r\u00e9f\u00e9rence et au quota cible.<\/p>\n<\/div>\n","protected":false},"excerpt":{"rendered":"<p>Le Conseil f\u00e9d\u00e9ral vise une repr\u00e9sentation \u00e9quitable des communaut\u00e9s linguistiques et des sexes dans les organes de direction supr\u00eames des entreprises et des \u00e9tablissements proches de la Conf\u00e9d\u00e9ration. Lors de sa s\u00e9ance du 25 novembre 2020, il a \u00e9dict\u00e9 de nouvelles directives en la mati\u00e8re. Ces derni\u00e8res entreront en vigueur le 1er janvier 2021<\/p>\n","protected":false},"author":4,"featured_media":303513,"comment_status":"open","ping_status":"open","sticky":false,"template":"","format":"standard","meta":{"footnotes":""},"categories":[1171,1170],"tags":[],"vendi":[],"content_country":[],"class_list":["post-425866","post","type-post","status-publish","format-standard","has-post-thumbnail","hentry","category-thematique","category-vivre-en-suisse"],"acf":[],"_links":{"self":[{"href":"https:\/\/www.albinfo.at\/fr\/wp-json\/wp\/v2\/posts\/425866","targetHints":{"allow":["GET"]}}],"collection":[{"href":"https:\/\/www.albinfo.at\/fr\/wp-json\/wp\/v2\/posts"}],"about":[{"href":"https:\/\/www.albinfo.at\/fr\/wp-json\/wp\/v2\/types\/post"}],"author":[{"embeddable":true,"href":"https:\/\/www.albinfo.at\/fr\/wp-json\/wp\/v2\/users\/4"}],"replies":[{"embeddable":true,"href":"https:\/\/www.albinfo.at\/fr\/wp-json\/wp\/v2\/comments?post=425866"}],"version-history":[{"count":0,"href":"https:\/\/www.albinfo.at\/fr\/wp-json\/wp\/v2\/posts\/425866\/revisions"}],"wp:featuredmedia":[{"embeddable":true,"href":"https:\/\/www.albinfo.at\/fr\/wp-json\/wp\/v2\/media\/303513"}],"wp:attachment":[{"href":"https:\/\/www.albinfo.at\/fr\/wp-json\/wp\/v2\/media?parent=425866"}],"wp:term":[{"taxonomy":"category","embeddable":true,"href":"https:\/\/www.albinfo.at\/fr\/wp-json\/wp\/v2\/categories?post=425866"},{"taxonomy":"post_tag","embeddable":true,"href":"https:\/\/www.albinfo.at\/fr\/wp-json\/wp\/v2\/tags?post=425866"},{"taxonomy":"vendi","embeddable":true,"href":"https:\/\/www.albinfo.at\/fr\/wp-json\/wp\/v2\/vendi?post=425866"},{"taxonomy":"content_country","embeddable":true,"href":"https:\/\/www.albinfo.at\/fr\/wp-json\/wp\/v2\/content_country?post=425866"}],"curies":[{"name":"wp","href":"https:\/\/api.w.org\/{rel}","templated":true}]}}