{"id":425092,"date":"2020-11-26T00:01:58","date_gmt":"2020-11-25T23:01:58","guid":{"rendered":"https:\/\/www.albinfo.ch\/?p=425092"},"modified":"2020-11-26T00:01:58","modified_gmt":"2020-11-25T23:01:58","slug":"le-conseil-federal-fixe-les-contingents-2021-pour-les-travailleurs-originaires-detats-tiers-ou-uk","status":"publish","type":"post","link":"https:\/\/www.albinfo.at\/fr\/le-conseil-federal-fixe-les-contingents-2021-pour-les-travailleurs-originaires-detats-tiers-ou-uk\/","title":{"rendered":"Le Conseil f\u00e9d\u00e9ral fixe les contingents 2021 pour les travailleurs originaires d\u2019\u00c9tats tiers ou UK"},"content":{"rendered":"<div class=\"contentHead\"><\/div>\n<div class=\"mod mod-nsbnewsdetails\">\n<p><strong>L\u2019\u00e9conomie suisse doit pouvoir continuer de recruter en 2021 la main-d\u2019\u0153uvre qualifi\u00e9e dont elle a besoin. Le 25 novembre 2020, le Conseil f\u00e9d\u00e9ral a adopt\u00e9 \u00e0 cette fin une r\u00e9vision partielle de l\u2019ordonnance relative \u00e0 l\u2019admission, au s\u00e9jour et \u00e0 l\u2019exercice d\u2019une activit\u00e9 lucrative (OASA). Les contingents relatifs aux travailleurs originaires d\u2019\u00c9tats tiers et les prestataires de services en provenance des \u00c9tats membres de l\u2019Union europ\u00e9enne (UE) ou de l\u2019Association europ\u00e9enne de libre-\u00e9change (AELE) resteront les m\u00eames qu\u2019en 2020. Comme l\u2019accord sur la libre circulation des personnes (ALCP) ne sera plus applicable entre la Suisse et le Royaume-Uni \u00e0 partir du 1er janvier 2021, le Conseil f\u00e9d\u00e9ral a \u00e9galement fix\u00e9 un contingent provisoire distinct pour les travailleurs britanniques qui souhaiteront exercer une activit\u00e9 lucrative dans notre pays en 2021.<\/strong><\/p>\n<p>L&#8217;ann\u00e9e prochaine, les entreprises suisses doivent pouvoir continuer \u00e0 recruter hors de l&#8217;UE et de l&#8217;AELE les travailleurs qualifi\u00e9s dont elles ont besoin. \u00c0 cette fin, le Conseil f\u00e9d\u00e9ral a d\u00e9cid\u00e9 de maintenir en\u00a02021 les nombres maximaux au m\u00eame niveau qu&#8217;en 2020, apr\u00e8s avoir consult\u00e9 les cantons et les partenaires sociaux. En tenant compte de la demande persistante en main-d&#8217;\u0153uvre et de l&#8217;utilisation des contingents actuels, sa d\u00e9cision garantit la continuit\u00e9 et la stabilit\u00e9 dont l&#8217;\u00e9conomie a un besoin particuli\u00e8rement pressant en raison de la crise du coronavirus.<\/p>\n<p>L&#8217;ann\u00e9e prochaine, 8500 sp\u00e9cialistes en provenance d&#8217;\u00c9tats tiers pourront donc \u00eatre recrut\u00e9s\u00a0: 4500\u00a0avec une autorisation de s\u00e9jour (permis B) et 4000\u00a0autres avec une autorisation de s\u00e9jour de courte dur\u00e9e (permis L).<\/p>\n<h3>Contingents destin\u00e9s aux prestataires de services provenant de l&#8217;UE ou de l&#8217;AELE<\/h3>\n<p>Les plafonds valables pour les prestataires de services en provenance de l&#8217;UE ou de l&#8217;AELE dont la dur\u00e9e de la mission en Suisse d\u00e9passe, selon les conditions, 90 ou 120\u00a0jours par an demeureront \u00e9galement inchang\u00e9s. En 2021, 3000 autorisations L et 500 autorisations B seront ainsi disponibles pour cette cat\u00e9gorie de travailleurs. Elles seront toujours lib\u00e9r\u00e9es sur une base trimestrielle.<\/p>\n<h3>Contingents destin\u00e9s aux travailleurs britanniques<\/h3>\n<p>Du fait de la sortie du Royaume-Uni de l&#8217;UE, l&#8217;ALCP cessera de s&#8217;appliquer aux relations entre la Suisse et ce pays \u00e0 partir du 1er janvier 2021. Afin que les entreprises \u00e9tablies sur le territoire helv\u00e9tique puissent l&#8217;ann\u00e9e prochaine recruter de la main-d&#8217;\u0153uvre sp\u00e9cialis\u00e9e \u00e9galement au Royaume-Uni, le Conseil f\u00e9d\u00e9ral a d\u00e9cid\u00e9, le 25\u00a0novembre 2020, de d\u00e9terminer des nombres maximaux pour les travailleurs britanniques. En 2021, 3500 autorisations leur seront r\u00e9serv\u00e9es, \u00e0 savoir 2100 permis B et 1400 permis L. La flexibilit\u00e9 dont l&#8217;\u00e9conomie suisse a besoin sera ainsi garantie.<\/p>\n<p>Ces plafonds pour le Royaume-Uni sont, pour l&#8217;instant, valables un an et seront octroy\u00e9s aux cantons sur une base trimestrielle. Jusqu&#8217;\u00e0 nouvel ordre, les autorisations accord\u00e9es aux ressortissants britanniques ne seront pas soumises \u00e0 la proc\u00e9dure d&#8217;approbation de la Conf\u00e9d\u00e9ration et rel\u00e8veront donc exclusivement de la comp\u00e9tence cantonale. Cette mesure tient compte de la situation extraordinaire du Royaume-Uni\u00a0et constitue une solution transitoire pour un an. Elle ne cr\u00e9e pas de pr\u00e9c\u00e9dent pour la r\u00e9glementation applicable apr\u00e8s 2021. Si aucun accord ne peut \u00eatre trouv\u00e9 l&#8217;ann\u00e9e prochaine concernant le futur r\u00e9gime migratoire entre les deux pays, les contingents destin\u00e9s aux citoyens britanniques pourront \u00eatre int\u00e9gr\u00e9s en 2022 dans ceux allou\u00e9s aux \u00c9tats tiers.<\/p>\n<h3>Modifications mat\u00e9rielles de l&#8217;OASA<\/h3>\n<p>En raison de la sortie du Royaume-Uni de l&#8217;UE et de la fin de l&#8217;applicabilit\u00e9 de l&#8217;ALCP aux relations entre la Suisse et ce pays, il est en outre n\u00e9cessaire d&#8217;apporter quelques modifications mineures \u00e0 l&#8217;OASA, concernant par exemple les formalit\u00e9s relatives au titre de s\u00e9jour.<\/p>\n<\/div>\n","protected":false},"excerpt":{"rendered":"<p>L&#8217;ann\u00e9e prochaine, 8500 sp\u00e9cialistes en provenance d&#8217;\u00c9tats tiers pourront donc \u00eatre recrut\u00e9s\u00a0: 4500\u00a0avec une autorisation de s\u00e9jour (permis B) et 4000\u00a0autres avec une autorisation de s\u00e9jour de courte dur\u00e9e (permis L)<\/p>\n","protected":false},"author":4,"featured_media":374730,"comment_status":"open","ping_status":"open","sticky":false,"template":"","format":"standard","meta":{"footnotes":""},"categories":[1171,1170],"tags":[],"vendi":[],"content_country":[],"class_list":["post-425092","post","type-post","status-publish","format-standard","has-post-thumbnail","hentry","category-thematique","category-vivre-en-suisse"],"acf":[],"_links":{"self":[{"href":"https:\/\/www.albinfo.at\/fr\/wp-json\/wp\/v2\/posts\/425092","targetHints":{"allow":["GET"]}}],"collection":[{"href":"https:\/\/www.albinfo.at\/fr\/wp-json\/wp\/v2\/posts"}],"about":[{"href":"https:\/\/www.albinfo.at\/fr\/wp-json\/wp\/v2\/types\/post"}],"author":[{"embeddable":true,"href":"https:\/\/www.albinfo.at\/fr\/wp-json\/wp\/v2\/users\/4"}],"replies":[{"embeddable":true,"href":"https:\/\/www.albinfo.at\/fr\/wp-json\/wp\/v2\/comments?post=425092"}],"version-history":[{"count":0,"href":"https:\/\/www.albinfo.at\/fr\/wp-json\/wp\/v2\/posts\/425092\/revisions"}],"wp:featuredmedia":[{"embeddable":true,"href":"https:\/\/www.albinfo.at\/fr\/wp-json\/wp\/v2\/media\/374730"}],"wp:attachment":[{"href":"https:\/\/www.albinfo.at\/fr\/wp-json\/wp\/v2\/media?parent=425092"}],"wp:term":[{"taxonomy":"category","embeddable":true,"href":"https:\/\/www.albinfo.at\/fr\/wp-json\/wp\/v2\/categories?post=425092"},{"taxonomy":"post_tag","embeddable":true,"href":"https:\/\/www.albinfo.at\/fr\/wp-json\/wp\/v2\/tags?post=425092"},{"taxonomy":"vendi","embeddable":true,"href":"https:\/\/www.albinfo.at\/fr\/wp-json\/wp\/v2\/vendi?post=425092"},{"taxonomy":"content_country","embeddable":true,"href":"https:\/\/www.albinfo.at\/fr\/wp-json\/wp\/v2\/content_country?post=425092"}],"curies":[{"name":"wp","href":"https:\/\/api.w.org\/{rel}","templated":true}]}}