{"id":424576,"date":"2020-11-23T23:55:25","date_gmt":"2020-11-23T22:55:25","guid":{"rendered":"https:\/\/www.albinfo.ch\/?p=424576"},"modified":"2020-11-23T23:33:32","modified_gmt":"2020-11-23T22:33:32","slug":"covid-19-pandemie-hinterlasst-im-sekundaren-sektor-weiterhin-spuren","status":"publish","type":"post","link":"https:\/\/www.albinfo.at\/fr\/covid-19-pandemie-hinterlasst-im-sekundaren-sektor-weiterhin-spuren\/","title":{"rendered":"La pand\u00e9mie de COVID-19 continue d&#8217;impacter le secteur secondaire"},"content":{"rendered":"<div class=\"contentHead\"><\/div>\n<div>\n<div class=\"mod mod-ws_detail\">\n<div class=\"ws_detail-press\">\n<p><b> Durant le 3e trimestre 2020, la production dans le secteur secondaire a recul\u00e9 de 4,4% par rapport \u00e0 la m\u00eame p\u00e9riode de 2019. Les chiffres d\u2019affaires ont quant \u00e0 eux diminu\u00e9 de 6,3%. Dans les deux cas, la baisse enregistr\u00e9e est deux fois moindre que pour le trimestre pr\u00e9c\u00e9dent, o\u00f9 la production avait diminu\u00e9 de 8,6% et les chiffres d\u2019affaires de 11,2%. Tels sont les r\u00e9sultats provisoires de l\u2019Office f\u00e9d\u00e9ral de la statistique (OFS).\u00a0<\/b><\/p>\n<p>Dans l\u2019industrie, par rapport \u00e0 2019, la production a diminu\u00e9 en juillet (\u20136,7%), en ao\u00fbt (\u20135,6%) et en septembre (\u20133,8%). Sur l\u2019ensemble du 3e trimestre 2020, elle a recul\u00e9 de 5,1% par rapport au m\u00eame trimestre de l\u2019ann\u00e9e pr\u00e9c\u00e9dente.<\/p>\n<p>Dans la construction, la production a diminu\u00e9 de 0,4% au 3e trimestre 2020 par rapport au trimestre correspondant de l\u2019ann\u00e9e pr\u00e9c\u00e9dente. Si elle a accus\u00e9 une baisse (\u20137,2%) dans le b\u00e2timent, le g\u00e9nie civil a par contre enregistr\u00e9 une progression (+4,6%). Enfin, la production s\u2019est accrue de 2,9% dans les travaux de construction sp\u00e9cialis\u00e9s.<\/p>\n<p><b>Chiffres d\u2019affaires<\/b><\/p>\n<p>Dans l\u2019industrie, les chiffres d\u2019affaires ont diminu\u00e9 en juillet (\u20139,7%), en ao\u00fbt (\u20138,7%) et en septembre (\u20135,6%) par rapport aux mois correspondants de 2019. Si l\u2019on consid\u00e8re l\u2019ensemble du 3e trimestre 2020, les chiffres d\u2019affaires ont enregistr\u00e9 un recul de 7,9% par rapport au m\u00eame trimestre de l\u2019ann\u00e9e pr\u00e9c\u00e9dente.<\/p>\n<p>Dans la construction, les chiffres d\u2019affaires ont diminu\u00e9 de 0,6% au 3e trimestre 2020 par rapport au m\u00eame trimestre de l\u2019ann\u00e9e pr\u00e9c\u00e9dente. Ils ont baiss\u00e9 de 6,9% dans le b\u00e2timent, mais augment\u00e9 de 5,1% dans le g\u00e9nie civil. Quant aux travaux de construction sp\u00e9cialis\u00e9s, ils ont suivi une hausse de 2,9%.<\/p>\n<\/div>\n<\/div>\n<\/div>\n","protected":false},"excerpt":{"rendered":"<p>Production en recul: Statistique de la production, des commandes et des chiffres d&#8217;affaires du secteur secondaire au 3e trimestre 2020<\/p>\n","protected":false},"author":4,"featured_media":382204,"comment_status":"open","ping_status":"open","sticky":false,"template":"","format":"standard","meta":{"footnotes":""},"categories":[1171,1170],"tags":[],"vendi":[],"content_country":[],"class_list":["post-424576","post","type-post","status-publish","format-standard","has-post-thumbnail","hentry","category-thematique","category-vivre-en-suisse"],"acf":[],"_links":{"self":[{"href":"https:\/\/www.albinfo.at\/fr\/wp-json\/wp\/v2\/posts\/424576","targetHints":{"allow":["GET"]}}],"collection":[{"href":"https:\/\/www.albinfo.at\/fr\/wp-json\/wp\/v2\/posts"}],"about":[{"href":"https:\/\/www.albinfo.at\/fr\/wp-json\/wp\/v2\/types\/post"}],"author":[{"embeddable":true,"href":"https:\/\/www.albinfo.at\/fr\/wp-json\/wp\/v2\/users\/4"}],"replies":[{"embeddable":true,"href":"https:\/\/www.albinfo.at\/fr\/wp-json\/wp\/v2\/comments?post=424576"}],"version-history":[{"count":0,"href":"https:\/\/www.albinfo.at\/fr\/wp-json\/wp\/v2\/posts\/424576\/revisions"}],"wp:featuredmedia":[{"embeddable":true,"href":"https:\/\/www.albinfo.at\/fr\/wp-json\/wp\/v2\/media\/382204"}],"wp:attachment":[{"href":"https:\/\/www.albinfo.at\/fr\/wp-json\/wp\/v2\/media?parent=424576"}],"wp:term":[{"taxonomy":"category","embeddable":true,"href":"https:\/\/www.albinfo.at\/fr\/wp-json\/wp\/v2\/categories?post=424576"},{"taxonomy":"post_tag","embeddable":true,"href":"https:\/\/www.albinfo.at\/fr\/wp-json\/wp\/v2\/tags?post=424576"},{"taxonomy":"vendi","embeddable":true,"href":"https:\/\/www.albinfo.at\/fr\/wp-json\/wp\/v2\/vendi?post=424576"},{"taxonomy":"content_country","embeddable":true,"href":"https:\/\/www.albinfo.at\/fr\/wp-json\/wp\/v2\/content_country?post=424576"}],"curies":[{"name":"wp","href":"https:\/\/api.w.org\/{rel}","templated":true}]}}