{"id":424573,"date":"2020-11-23T23:35:49","date_gmt":"2020-11-23T22:35:49","guid":{"rendered":"https:\/\/www.albinfo.ch\/?p=424573"},"modified":"2020-11-23T23:26:31","modified_gmt":"2020-11-23T22:26:31","slug":"protection-de-la-sante%e2%80%89-valeurs-limites-dimmission-pour-les-poussieres-fines","status":"publish","type":"post","link":"https:\/\/www.albinfo.at\/fr\/protection-de-la-sante%e2%80%89-valeurs-limites-dimmission-pour-les-poussieres-fines\/","title":{"rendered":"Protection de la sant\u00e9\u2009: valeurs limites d\u2019immission pour les poussi\u00e8res fines"},"content":{"rendered":"<div class=\"contentHead\"><\/div>\n<div class=\"mod mod-nsbnewsdetails\">\n<p>L\u2019air que nous respirons contient des poussi\u00e8res fines provenant du trafic, de l\u2019industrie, de l\u2019artisanat, des m\u00e9nages, des installations de combustion, des mat\u00e9riaux de construction, ainsi que de la fum\u00e9e du tabac. Les poussi\u00e8res fines peuvent provoquer de l\u2019asthme, des toux chroniques, des bronchites ou d\u2019autres affections des voies respiratoires et des poumons, y compris le cancer du poumon. C\u2019est pourquoi le Centre international de recherche sur le cancer, rattach\u00e9 \u00e0 l\u2019Organisation mondiale de la sant\u00e9, les classe depuis 2013 dans la cat\u00e9gorie des substances canc\u00e9rig\u00e8nes.<\/p>\n<p>Si, en Suisse, la r\u00e9glementation des poussi\u00e8res fines s\u2019appuie sur des valeurs limites d\u2019immission (VLI) fond\u00e9es scientifiquement, celle des autres polluants canc\u00e9rog\u00e8nes, suit le principe de minimisation, supposant un \u00ab\u2009risque accept\u00e9\u2009\u00bb d\u2019un d\u00e9c\u00e8s par million d\u2019habitants.<\/p>\n<p>Dans son rapport \u00ab\u2009Valeurs limites d\u2019immission ou risques accept\u00e9s\u2009? Comparaison de deux strat\u00e9gies de protection de l\u2019air sous l\u2019angle des poussi\u00e8res fines et du cancer du poumon\u2009\u00bb, publi\u00e9 aujourd\u2019hui, la Commission f\u00e9d\u00e9rale de l\u2019hygi\u00e8ne de l\u2019air (CFHA) a compar\u00e9 et \u00e9valu\u00e9 les deux strat\u00e9gies sous l\u2019angle du cancer du poumon.<\/p>\n<p>Concernant la politique de protection de l\u2019air, la CFHA parvient \u00e0 la conclusion que la d\u00e9finition de VLI pour les particules fines est pr\u00e9f\u00e9rable \u00e0 la strat\u00e9gie du \u00ab\u2009risque accept\u00e9\u2009\u00bb. Les VLI constituent un instrument pragmatique, transparent et efficient en faveur d\u2019une protection de l\u2019air orient\u00e9e sur l\u2019efficacit\u00e9 et couronn\u00e9e de succ\u00e8s. La CFHA recommande de continuer \u00e0 \u00e9valuer la nocivit\u00e9 des particules fines sur la base des VLI et d\u2019adapter ces derni\u00e8res au besoin. Elle suit de pr\u00e8s l\u2019\u00e9volution des connaissances sur les effets des poussi\u00e8res fines et proposera en temps voulu de modifier les VLI si des ajustements se r\u00e9v\u00e8lent n\u00e9cessaires.<\/p><\/div>\n","protected":false},"excerpt":{"rendered":"<p>Les valeurs limites d\u2019immission sont un instrument appropri\u00e9 afin d\u2019assurer la protection de la population contre les effets nocifs des poussi\u00e8res fines sur la sant\u00e9. Elles constituent l\u2019un des fondements de la protection de l\u2019air, efficace et couronn\u00e9e de succ\u00e8s, et permettent des mesures de communication claires<\/p>\n","protected":false},"author":4,"featured_media":227482,"comment_status":"open","ping_status":"open","sticky":false,"template":"","format":"standard","meta":{"footnotes":""},"categories":[1171,1170],"tags":[],"vendi":[],"content_country":[],"class_list":["post-424573","post","type-post","status-publish","format-standard","has-post-thumbnail","hentry","category-thematique","category-vivre-en-suisse"],"acf":[],"_links":{"self":[{"href":"https:\/\/www.albinfo.at\/fr\/wp-json\/wp\/v2\/posts\/424573","targetHints":{"allow":["GET"]}}],"collection":[{"href":"https:\/\/www.albinfo.at\/fr\/wp-json\/wp\/v2\/posts"}],"about":[{"href":"https:\/\/www.albinfo.at\/fr\/wp-json\/wp\/v2\/types\/post"}],"author":[{"embeddable":true,"href":"https:\/\/www.albinfo.at\/fr\/wp-json\/wp\/v2\/users\/4"}],"replies":[{"embeddable":true,"href":"https:\/\/www.albinfo.at\/fr\/wp-json\/wp\/v2\/comments?post=424573"}],"version-history":[{"count":0,"href":"https:\/\/www.albinfo.at\/fr\/wp-json\/wp\/v2\/posts\/424573\/revisions"}],"wp:featuredmedia":[{"embeddable":true,"href":"https:\/\/www.albinfo.at\/fr\/wp-json\/wp\/v2\/media\/227482"}],"wp:attachment":[{"href":"https:\/\/www.albinfo.at\/fr\/wp-json\/wp\/v2\/media?parent=424573"}],"wp:term":[{"taxonomy":"category","embeddable":true,"href":"https:\/\/www.albinfo.at\/fr\/wp-json\/wp\/v2\/categories?post=424573"},{"taxonomy":"post_tag","embeddable":true,"href":"https:\/\/www.albinfo.at\/fr\/wp-json\/wp\/v2\/tags?post=424573"},{"taxonomy":"vendi","embeddable":true,"href":"https:\/\/www.albinfo.at\/fr\/wp-json\/wp\/v2\/vendi?post=424573"},{"taxonomy":"content_country","embeddable":true,"href":"https:\/\/www.albinfo.at\/fr\/wp-json\/wp\/v2\/content_country?post=424573"}],"curies":[{"name":"wp","href":"https:\/\/api.w.org\/{rel}","templated":true}]}}