{"id":424568,"date":"2020-11-23T23:16:37","date_gmt":"2020-11-23T22:16:37","guid":{"rendered":"https:\/\/www.albinfo.ch\/?p=424568"},"modified":"2020-11-23T23:16:37","modified_gmt":"2020-11-23T22:16:37","slug":"air2030-reception-des-deuxiemes-offres-pour-le-nouvel-avion-de-combat-et-le-nouveau-systeme-de-defense-sol-air-de-longue-portee","status":"publish","type":"post","link":"https:\/\/www.albinfo.at\/fr\/air2030-reception-des-deuxiemes-offres-pour-le-nouvel-avion-de-combat-et-le-nouveau-systeme-de-defense-sol-air-de-longue-portee\/","title":{"rendered":"Air2030 : r\u00e9ception des deuxi\u00e8mes offres pour le nouvel avion de combat et le nouveau syst\u00e8me de d\u00e9fense sol-air de longue port\u00e9e"},"content":{"rendered":"<div class=\"contentHead\"><\/div>\n<div class=\"mod mod-nsbnewsdetails\">\n<p><strong>Le 18 novembre 2020, les organismes gouvernementaux des candidats entrant en ligne de compte ont remis \u00e0 armasuisse leurs deuxi\u00e8mes offres pour le nouvel avion de combat et le nouveau syst\u00e8me de d\u00e9fense sol-air de longue port\u00e9e. Commence maintenant pour armasuisse le travail de r\u00e9daction des rapports d\u2019\u00e9valuation, qui doivent \u00eatre finalis\u00e9s au premier trimestre 2021.<\/strong><\/p>\n<p>Le 18 novembre 2020, armasuisse a re\u00e7u des organismes gouvernementaux des quatre constructeurs entrant en ligne de compte les deuxi\u00e8mes offres pour les nouveaux avions de combat. Il s\u2019agit de l\u2019Allemagne (Airbus Eurofighter), de la France (Dassault Rafale) et des \u00c9tats-Unis (Boeing F\/A-18 Super Hornet et Lockheed-Martin F-35A). Lors de cet appel d\u2019offres, les constructeurs contact\u00e9s par les organismes gouvernementaux \u00e9taient invit\u00e9s \u00e0 soumettre l\u2019offre la plus avantageuse pour la Suisse.<\/p>\n<p>Ces offres comprennent notamment les \u00e9l\u00e9ments suivants :<br \/>\n\u2022\u00a0prix pour 36 et 40 avions, y compris la logistique et l\u2019armement d\u00e9finis, qui servira, \u00e0 l\u2019issue du choix de l\u2019appareil, de point de d\u00e9part contraignant aux n\u00e9gociations approfondies avec le candidat retenu;<br \/>\n\u2022\u00a0offres de coop\u00e9ration entre les forces arm\u00e9es et entre les offices d&#8217;armement des deux pays;<br \/>\n\u2022\u00a0projets de compensation pr\u00e9vus ou d\u2019ores et d\u00e9j\u00e0 engag\u00e9s.<\/p>\n<h2>Nouveau syst\u00e8me de d\u00e9fense sol-air de longue port\u00e9e<\/h2>\n<p>Le 18 novembre 2020, armasuisse a \u00e9galement r\u00e9ceptionn\u00e9 des offices gouvernementaux des constructeurs entrant en ligne de compte les deuxi\u00e8mes offres pour le nouveau syst\u00e8me de d\u00e9fense sol-air de longue port\u00e9e. Il s\u2019agit de la France (Eurosam SAMP\/T) et des \u00c9tats-Unis (Raytheon Patriot). Comme pour le nouvel avion de combat, les constructeurs contact\u00e9s par les organismes gouvernementaux \u00e9taient invit\u00e9s \u00e0 soumettre l\u2019offre la plus avantageuse pour la Suisse.<\/p>\n<p>Ces offres comprennent notamment les \u00e9l\u00e9ments suivants :<br \/>\n\u2022\u00a0prix des syst\u00e8mes de d\u00e9fense sol-air de longue port\u00e9e capables de couvrir une surface d\u2019au moins 15 000 km2, y compris la logistique et l\u2019armement d\u00e9finis, qui servira, \u00e0 l\u2019issue du choix du syst\u00e8me, de point de d\u00e9part contraignant aux n\u00e9gociations approfondies avec le candidat retenu;<br \/>\n\u2022\u00a0offres de coop\u00e9ration entre les forces arm\u00e9es et entre les offices d&#8217;armement des deux pays;<br \/>\n\u2022\u00a0projets de compensation pr\u00e9vus ou d\u2019ores et d\u00e9j\u00e0 engag\u00e9s.<\/p>\n<h2>Prochaines \u00e9tapes du programme Air2030<\/h2>\n<p>Les informations des deuxi\u00e8mes offres ainsi que les conclusions des diverses activit\u00e9s d\u2019essai vont permettre de d\u00e9terminer l\u2019utilit\u00e9 globale de chaque syst\u00e8me. Les r\u00e9sultats seront conjugu\u00e9s \u00e0 une analyse exhaustive des risques dans le cadre de rapports d\u2019\u00e9valuation qui compareront l\u2019utilit\u00e9 globale de chaque nouvel avion de combat et nouveau syst\u00e8me de d\u00e9fense sol-air de longue port\u00e9e en lice avec leurs co\u00fbts respectifs d\u2019acquisition et d\u2019exploitation sur une p\u00e9riode de 30 ans. Les rapports d\u2019\u00e9valuation doivent \u00eatre finalis\u00e9s au 1er trimestre 2021. La d\u00e9cision quant aux types retenus pour chacun des deux syst\u00e8mes doit \u00eatre prise par le Conseil f\u00e9d\u00e9ral au 2e trimestre 2021.<\/p>\n<\/div>\n","protected":false},"excerpt":{"rendered":"<p>Le 18 novembre 2020, armasuisse a re\u00e7u des organismes gouvernementaux des quatre constructeurs entrant en ligne de compte les deuxi\u00e8mes offres pour les nouveaux avions de combat<\/p>\n","protected":false},"author":4,"featured_media":313250,"comment_status":"open","ping_status":"open","sticky":false,"template":"","format":"standard","meta":{"footnotes":""},"categories":[1171,1170],"tags":[],"vendi":[],"content_country":[],"class_list":["post-424568","post","type-post","status-publish","format-standard","has-post-thumbnail","hentry","category-thematique","category-vivre-en-suisse"],"acf":[],"_links":{"self":[{"href":"https:\/\/www.albinfo.at\/fr\/wp-json\/wp\/v2\/posts\/424568","targetHints":{"allow":["GET"]}}],"collection":[{"href":"https:\/\/www.albinfo.at\/fr\/wp-json\/wp\/v2\/posts"}],"about":[{"href":"https:\/\/www.albinfo.at\/fr\/wp-json\/wp\/v2\/types\/post"}],"author":[{"embeddable":true,"href":"https:\/\/www.albinfo.at\/fr\/wp-json\/wp\/v2\/users\/4"}],"replies":[{"embeddable":true,"href":"https:\/\/www.albinfo.at\/fr\/wp-json\/wp\/v2\/comments?post=424568"}],"version-history":[{"count":0,"href":"https:\/\/www.albinfo.at\/fr\/wp-json\/wp\/v2\/posts\/424568\/revisions"}],"wp:featuredmedia":[{"embeddable":true,"href":"https:\/\/www.albinfo.at\/fr\/wp-json\/wp\/v2\/media\/313250"}],"wp:attachment":[{"href":"https:\/\/www.albinfo.at\/fr\/wp-json\/wp\/v2\/media?parent=424568"}],"wp:term":[{"taxonomy":"category","embeddable":true,"href":"https:\/\/www.albinfo.at\/fr\/wp-json\/wp\/v2\/categories?post=424568"},{"taxonomy":"post_tag","embeddable":true,"href":"https:\/\/www.albinfo.at\/fr\/wp-json\/wp\/v2\/tags?post=424568"},{"taxonomy":"vendi","embeddable":true,"href":"https:\/\/www.albinfo.at\/fr\/wp-json\/wp\/v2\/vendi?post=424568"},{"taxonomy":"content_country","embeddable":true,"href":"https:\/\/www.albinfo.at\/fr\/wp-json\/wp\/v2\/content_country?post=424568"}],"curies":[{"name":"wp","href":"https:\/\/api.w.org\/{rel}","templated":true}]}}