{"id":422896,"date":"2020-11-16T23:56:21","date_gmt":"2020-11-16T22:56:21","guid":{"rendered":"https:\/\/www.albinfo.ch\/?p=422896"},"modified":"2020-11-17T23:52:00","modified_gmt":"2020-11-17T22:52:00","slug":"karin-keller-sutter-ouvre-ledition-2020-de-la-conference-de-vienne-sur-les-migrations","status":"publish","type":"post","link":"https:\/\/www.albinfo.at\/fr\/karin-keller-sutter-ouvre-ledition-2020-de-la-conference-de-vienne-sur-les-migrations\/","title":{"rendered":"Karin Keller-Sutter ouvre l\u2019\u00e9dition 2020 de la Conf\u00e9rence de Vienne sur les migrations"},"content":{"rendered":"<div class=\"mod mod-nsbnewsdetails\">\n<p><strong>La conseill\u00e8re f\u00e9d\u00e9rale Karin Keller-Sutter a ouvert le 16 novembre 2020, avec le ministre de l\u2019Int\u00e9rieur du Portugal, Eduardo Cabrita, et le directeur g\u00e9n\u00e9ral du CIDPM Michael Spindelegger, l\u2019\u00e9dition 2020 de la Conf\u00e9rence de Vienne sur les migrations (Vienna Migration Conference, VMC). Parmi les sujets \u00e0 l\u2019ordre du jour du panel d\u2019ouverture figuraient notamment les cons\u00e9quences de la pand\u00e9mie de COVID-19 sur la politique migratoire et le nouveau paquet sur la migration propos\u00e9 par l\u2019UE. En raison de la situation sanitaire, la conf\u00e9rence, organis\u00e9e annuellement par le Centre international pour le d\u00e9veloppement de politiques migratoires (CIDPM), s\u2019est d\u00e9roul\u00e9e cette ann\u00e9e dans un format virtuel. La Suisse, repr\u00e9sent\u00e9e par le SEM, assure en 2020 la pr\u00e9sidence du groupe d\u2019orientation du CIDPM.<\/strong><\/p>\n<p>La conseill\u00e8re f\u00e9d\u00e9rale Karin Keller-Sutter s\u2019est entretenue avec le directeur g\u00e9n\u00e9ral du CIDPM Michael Spindelegger, entre autres sujets, sur les cons\u00e9quences de la pand\u00e9mie de COVID-19 sur les politiques en mati\u00e8re de migrations et sur des approches envisageables pour une politique migratoire europ\u00e9enne.<\/p>\n<p>Madame Keller-Sutter a \u00e9voqu\u00e9 les graves atteintes aux libert\u00e9s des citoyens en raison de la pand\u00e9mie de COVID-19 et la n\u00e9cessit\u00e9 d\u2019une r\u00e9forme durable du syst\u00e8me europ\u00e9en de l\u2019asile pour lui permettre de mieux faire face aux crises \u00e0 l\u2019avenir, soulignant l\u2019importance d\u2019une stra-t\u00e9gie commune \u00e0 l\u2019\u00e9chelle europ\u00e9enne s\u2019agissant de la collaboration avec les \u00c9tats de prove-nance.<\/p>\n<h3>Conf\u00e9rence de Vienne sur les migrations<\/h3>\n<p>La Conf\u00e9rence de Vienne sur les migrations (Vienna Migration Conference, VMC) est l\u2019\u00e9v\u00e9nement annuel organis\u00e9 par le CIDPM pour approfondir, avec des d\u00e9cideurs politiques, des experts gouvernementaux, des journalistes et des repr\u00e9sentants du monde scientifique et de la soci\u00e9t\u00e9 civile, les questions politiques les plus pr\u00e9gnantes touchant \u00e0 la migration. Elle se d\u00e9roule cette ann\u00e9e du 16 au 19 novembre.<\/p>\n<p class=\"nsbtextkasten\"><strong>Centre international pour le d\u00e9veloppement de politiques migratoires (CIDPM)<\/strong><br \/>\nLe Centre international pour le d\u00e9veloppement de politiques migratoires (International Centre for Migration Policy Development, ICMPD) a \u00e9t\u00e9 fond\u00e9 en 1993 par l\u2019Autriche et la Suisse pour promouvoir des politiques migratoires globales innovantes et durables et assurer des \u00e9changes entre les \u00c9tats et les organisations. Le CIDPM compte aujourd\u2019hui 18 \u00c9tats membres. Il a son si\u00e8ge \u00e0 Vienne et poss\u00e8de des bureaux de projets dans plusieurs \u00c9tats tiers. Il est \u00e9galement repr\u00e9sent\u00e9 \u00e0 Bruxelles.<br \/>\nL\u2019organisation couvre un large champ d\u2019activit\u00e9s et met en \u0153uvre un grand nombre de projets \u2013 dont certains b\u00e9n\u00e9ficient d\u2019un soutien financier de la Suisse \u2013 sur quatre continents. Les axes th\u00e9matiques du CIDPM sont notamment la gestion des fronti\u00e8res, la lutte contre la mi-gration irr\u00e9guli\u00e8re, les retours et la lutte contre le trafic de migrants. Parall\u00e8lement \u00e0 la mise en \u0153uvre de projets, il promeut les dialogues migratoires et \u00e9tablit avant tout des analyses de po-litiques.<br \/>\nLa Suisse, repr\u00e9sent\u00e9e par le SEM, est membre fondateur du CIDPM et assure, en 2020, la pr\u00e9sidence de son groupe d\u2019orientation.<\/p>\n<\/div>\n","protected":false},"excerpt":{"rendered":"<p>En raison de la situation sanitaire, la conf\u00e9rence, organis\u00e9e annuellement par le Centre international pour le d\u00e9veloppement de politiques migratoires (CIDPM), s\u2019est d\u00e9roul\u00e9e cette ann\u00e9e dans un format virtuel<\/p>\n","protected":false},"author":4,"featured_media":419512,"comment_status":"open","ping_status":"open","sticky":false,"template":"","format":"standard","meta":{"footnotes":""},"categories":[1171,1170],"tags":[],"vendi":[],"content_country":[],"class_list":["post-422896","post","type-post","status-publish","format-standard","has-post-thumbnail","hentry","category-thematique","category-vivre-en-suisse"],"acf":[],"_links":{"self":[{"href":"https:\/\/www.albinfo.at\/fr\/wp-json\/wp\/v2\/posts\/422896","targetHints":{"allow":["GET"]}}],"collection":[{"href":"https:\/\/www.albinfo.at\/fr\/wp-json\/wp\/v2\/posts"}],"about":[{"href":"https:\/\/www.albinfo.at\/fr\/wp-json\/wp\/v2\/types\/post"}],"author":[{"embeddable":true,"href":"https:\/\/www.albinfo.at\/fr\/wp-json\/wp\/v2\/users\/4"}],"replies":[{"embeddable":true,"href":"https:\/\/www.albinfo.at\/fr\/wp-json\/wp\/v2\/comments?post=422896"}],"version-history":[{"count":0,"href":"https:\/\/www.albinfo.at\/fr\/wp-json\/wp\/v2\/posts\/422896\/revisions"}],"wp:featuredmedia":[{"embeddable":true,"href":"https:\/\/www.albinfo.at\/fr\/wp-json\/wp\/v2\/media\/419512"}],"wp:attachment":[{"href":"https:\/\/www.albinfo.at\/fr\/wp-json\/wp\/v2\/media?parent=422896"}],"wp:term":[{"taxonomy":"category","embeddable":true,"href":"https:\/\/www.albinfo.at\/fr\/wp-json\/wp\/v2\/categories?post=422896"},{"taxonomy":"post_tag","embeddable":true,"href":"https:\/\/www.albinfo.at\/fr\/wp-json\/wp\/v2\/tags?post=422896"},{"taxonomy":"vendi","embeddable":true,"href":"https:\/\/www.albinfo.at\/fr\/wp-json\/wp\/v2\/vendi?post=422896"},{"taxonomy":"content_country","embeddable":true,"href":"https:\/\/www.albinfo.at\/fr\/wp-json\/wp\/v2\/content_country?post=422896"}],"curies":[{"name":"wp","href":"https:\/\/api.w.org\/{rel}","templated":true}]}}