{"id":421711,"date":"2020-11-11T23:15:36","date_gmt":"2020-11-11T22:15:36","guid":{"rendered":"https:\/\/www.albinfo.ch\/?p=421711"},"modified":"2020-11-11T22:56:31","modified_gmt":"2020-11-11T21:56:31","slug":"coronavirus-lancement-du-programme-dimpulsion-force-dinnovation-suisse","status":"publish","type":"post","link":"https:\/\/www.albinfo.at\/fr\/coronavirus-lancement-du-programme-dimpulsion-force-dinnovation-suisse\/","title":{"rendered":"Coronavirus : lancement du programme d\u2019impulsion \u00ab Force d\u2019innovation Suisse \u00bb"},"content":{"rendered":"<div class=\"contentHead\"><\/div>\n<div class=\"mod mod-nsbnewsdetails\">\n<p><strong>Le Conseil f\u00e9d\u00e9ral a d\u00e9cid\u00e9 le 11 novembre 2020 de lancer le programme d\u2019impulsion \u00ab Force d\u2019innovation Suisse \u00bb par l\u2019entremise d\u2019Innosuisse, l\u2019Agence pour l\u2019encouragement de l\u2019innovation. Ce programme, qui pr\u00e9voit un assouplissement des conditions financi\u00e8res pour l\u2019encouragement de projets, vise \u00e0 pr\u00e9server la force d\u2019innovation des entreprises pendant la pand\u00e9mie et \u00e0 assurer durablement leur comp\u00e9titivit\u00e9. Le rel\u00e8vement du plafond des d\u00e9penses d\u2019Innosuisse pour les ann\u00e9es 2021 \u00e0 2024, qui a \u00e9t\u00e9 adopt\u00e9 par le Parlement, permettra d\u2019absorber les co\u00fbts suppl\u00e9mentaires.<\/strong><\/p>\n<p>Le programme d\u2019impulsion \u00ab\u00a0Force d\u2019innovation Suisse\u00a0\u00bb, qui s\u2019\u00e9tendra sur les ann\u00e9es\u00a02021 et 2022, sera accessible aux PME et aux entreprises comptant jusqu\u2019\u00e0 500 collaborateurs au maximum. Concr\u00e8tement, l\u2019encouragement de projets d\u2019innovation sera compl\u00e9t\u00e9 par les mesures suivantes durant ces deux ann\u00e9es\u00a0:<\/p>\n<ol>\n<li>les entreprises pourront b\u00e9n\u00e9ficier d\u2019une limitation de leur prestation propre \u00e0 30\u00a0% des co\u00fbts des projets (au lieu de 50\u00a0%) et \u00eatre lib\u00e9r\u00e9es au cas par cas de l\u2019obligation de fournir une contribution en esp\u00e8ces\u00a0;<\/li>\n<li>si des prestations de conseil externes sont n\u00e9cessaires pour des projets d\u2019innovation disruptifs \u00e0 haut risque, la prestation propre aux co\u00fbts des projets pourra \u00eatre limit\u00e9e \u00e0 20\u00a0%.<\/li>\n<\/ol>\n<p>Innosuisse estime qu\u2019elle soutiendra dans ce cadre 475 projets pour les deux ann\u00e9es\u00a02021 et 2022. En outre, 300 \u00e0 350 projets d\u2019innovation devraient se voir accorder un financement selon les crit\u00e8res habituels. L\u2019Agence s\u2019attend \u00e0 ce que plus de la moiti\u00e9 de tous les projets qu\u2019elle soutiendra en 2021 et 2022 b\u00e9n\u00e9ficient de l\u2019assouplissement des conditions financi\u00e8res.<\/p>\n<p>Par rapport \u00e0 un encouragement \u00ab\u00a0normal\u00a0\u00bb, ces projets engendreront probablement un surco\u00fbt de quelque 63\u00a0millions de francs pour Innosuisse. L\u2019enveloppe totale pour ces projets s\u2019\u00e9l\u00e8ve \u00e0 226\u00a0millions de francs. Le programme d\u2019impulsion sera financ\u00e9 gr\u00e2ce au rel\u00e8vement du plafond des d\u00e9penses d\u2019Innosuisse pour les ann\u00e9es\u00a02021 \u00e0 2024, que le Parlement a adopt\u00e9 dans l\u2019optique de soutenir le potentiel d\u2019innovation des PME. Aucun moyen suppl\u00e9mentaire n\u2019a besoin d\u2019\u00eatre d\u00e9ploy\u00e9.<\/p>\n<\/div>\n","protected":false},"excerpt":{"rendered":"<p>Le programme d\u2019impulsion \u00ab\u00a0Force d\u2019innovation Suisse\u00a0\u00bb, qui s\u2019\u00e9tendra sur les ann\u00e9es\u00a02021 et 2022, sera accessible aux PME et aux entreprises comptant jusqu\u2019\u00e0 500 collaborateurs au maximum<\/p>\n","protected":false},"author":4,"featured_media":421709,"comment_status":"open","ping_status":"open","sticky":false,"template":"","format":"standard","meta":{"footnotes":""},"categories":[1171,1170],"tags":[],"vendi":[],"content_country":[],"class_list":["post-421711","post","type-post","status-publish","format-standard","has-post-thumbnail","hentry","category-thematique","category-vivre-en-suisse"],"acf":[],"_links":{"self":[{"href":"https:\/\/www.albinfo.at\/fr\/wp-json\/wp\/v2\/posts\/421711","targetHints":{"allow":["GET"]}}],"collection":[{"href":"https:\/\/www.albinfo.at\/fr\/wp-json\/wp\/v2\/posts"}],"about":[{"href":"https:\/\/www.albinfo.at\/fr\/wp-json\/wp\/v2\/types\/post"}],"author":[{"embeddable":true,"href":"https:\/\/www.albinfo.at\/fr\/wp-json\/wp\/v2\/users\/4"}],"replies":[{"embeddable":true,"href":"https:\/\/www.albinfo.at\/fr\/wp-json\/wp\/v2\/comments?post=421711"}],"version-history":[{"count":0,"href":"https:\/\/www.albinfo.at\/fr\/wp-json\/wp\/v2\/posts\/421711\/revisions"}],"wp:featuredmedia":[{"embeddable":true,"href":"https:\/\/www.albinfo.at\/fr\/wp-json\/wp\/v2\/media\/421709"}],"wp:attachment":[{"href":"https:\/\/www.albinfo.at\/fr\/wp-json\/wp\/v2\/media?parent=421711"}],"wp:term":[{"taxonomy":"category","embeddable":true,"href":"https:\/\/www.albinfo.at\/fr\/wp-json\/wp\/v2\/categories?post=421711"},{"taxonomy":"post_tag","embeddable":true,"href":"https:\/\/www.albinfo.at\/fr\/wp-json\/wp\/v2\/tags?post=421711"},{"taxonomy":"vendi","embeddable":true,"href":"https:\/\/www.albinfo.at\/fr\/wp-json\/wp\/v2\/vendi?post=421711"},{"taxonomy":"content_country","embeddable":true,"href":"https:\/\/www.albinfo.at\/fr\/wp-json\/wp\/v2\/content_country?post=421711"}],"curies":[{"name":"wp","href":"https:\/\/api.w.org\/{rel}","templated":true}]}}