{"id":421690,"date":"2020-11-11T22:21:02","date_gmt":"2020-11-11T21:21:02","guid":{"rendered":"https:\/\/www.albinfo.ch\/?p=421690"},"modified":"2020-11-11T22:21:02","modified_gmt":"2020-11-11T21:21:02","slug":"la-situation-sur-le-marche-du-travail-en-octobre-2020","status":"publish","type":"post","link":"https:\/\/www.albinfo.at\/fr\/la-situation-sur-le-marche-du-travail-en-octobre-2020\/","title":{"rendered":"La situation sur le march\u00e9 du travail en octobre 2020"},"content":{"rendered":"<div class=\"contentHead\"><\/div>\n<div class=\"mod mod-nsbnewsdetails\">\n<p><strong>Les ch\u00f4meurs inscrits en octobre 2020 &#8211; Selon les relev\u00e9s du Secr\u00e9tariat d&#8217;Etat \u00e0 l&#8217;\u00e9conomie (SECO), \u00e0 fin octobre 2020, 149\u2019118 personnes \u00e9taient inscrites au ch\u00f4mage aupr\u00e8s des offices r\u00e9gionaux de placement (ORP), soit 558 de plus que le mois pr\u00e9c\u00e9dent. Le taux de ch\u00f4mage est rest\u00e9 inchang\u00e9 \u00e0 3,2% pendant le mois sous revue. Le ch\u00f4mage a augment\u00e9 de 47\u2019434 personnes (+46,6%) par rapport au mois correspondant de l&#8217;ann\u00e9e pr\u00e9c\u00e9dente.<\/strong><\/p>\n<p><strong>Le ch\u00f4mage des jeunes en octobre 2020<\/strong><br \/>\nLe ch\u00f4mage des jeunes (de 15 \u00e0 24 ans) a diminu\u00e9 de 1\u2019508 personnes (-7,9%), passant \u00e0 17\u2019562. Par rapport au m\u00eame mois de l\u2019ann\u00e9e pr\u00e9c\u00e9dente, il a augment\u00e9 de 5\u2019570 personnes (+46,4%).<\/p>\n<p><strong>Ch\u00f4meurs de 50-64 ans en octobre 2020<\/strong><br \/>\nLe nombre des ch\u00f4meurs de 50-64 ans a augment\u00e9 de 1\u2019015 personnes (+2,5%) pour s\u2019\u00e9tablir \u00e0 40\u2019891 personnes. Par rapport au m\u00eame mois de l\u2019ann\u00e9e pr\u00e9c\u00e9dente, cela correspond \u00e0 une augmentation de 12\u2019482 personnes (+43,9%).<\/p>\n<p><strong>Demandeurs d&#8217;emploi en octobre 2020<\/strong><br \/>\nL\u2019ensemble des demandeurs d\u2019emploi inscrits se chiffre \u00e0 241\u2019460 personnes, soit 3\u2019315 de plus que le mois pr\u00e9c\u00e9dent et 64\u2019965 (+36,8%) de plus qu&#8217;au m\u00eame mois de l&#8217;ann\u00e9e pr\u00e9c\u00e9dente.<\/p>\n<p><strong>Places vacantes annonc\u00e9es en octobre 2020<\/strong><br \/>\nLe 1er juillet 2018, l\u2019obligation d\u2019annoncer les postes vacants pour les genres de professions dont le taux de ch\u00f4mage national atteint au moins 8% a \u00e9t\u00e9 introduite dans toute la Suisse; depuis le 1er janvier 2020, cette valeur seuil est pass\u00e9e \u00e0 5%. Il a diminu\u00e9 de 4\u2019054 en octobre, passant \u00e0 30\u2019671. Parmi ces 30\u2019671 places, 17\u2019711 \u00e9taient soumises \u00e0 l\u2019obligation d\u2019annonce.<\/p>\n<p><strong>R\u00e9ductions de l&#8217;horaire de travail d\u00e9compt\u00e9es en ao\u00fbt 2020<\/strong><br \/>\nEn ao\u00fbt 2020, les r\u00e9ductions de l\u2019horaire de travail (ch\u00f4mage partiel) ont touch\u00e9 304\u2019400 personnes, soit 43\u2019238 de moins (-12,4%) que le mois pr\u00e9c\u00e9dent. Le nombre d\u2019entreprises ayant eu recours \u00e0 de telles mesures a diminu\u00e9 de 4\u2019286 unit\u00e9s (-11,0%), passant \u00e0 34\u2019785, celui des heures de travail perdues de 4\u2019235\u2019939 unit\u00e9s (-20,8%), pour s\u2019\u00e9tablir \u00e0 16\u2019168\u2019011 heures. L\u2019ann\u00e9e pr\u00e9c\u00e9dente \u00e0 la m\u00eame \u00e9poque (ao\u00fbt 2019), le ch\u00f4mage partiel avait s\u00e9vi dans 72 entreprises, touchant 964 personnes et entra\u00eenant la perte de 50\u2019802 heures de travail.<\/p>\n<p><strong>Personnes arriv\u00e9es en fin de droits en ao\u00fbt 2020<\/strong><br \/>\nD\u2019apr\u00e8s les donn\u00e9es provisoires des caisses de ch\u00f4mage, le nombre des personnes qui avaient \u00e9puis\u00e9 leur droit \u00e0 l\u2019indemnit\u00e9 de ch\u00f4mage pendant le mois d\u2019ao\u00fbt 2020 se montait \u00e0 491 personnes. Pendant la dur\u00e9e de validit\u00e9 de l\u2019ordonnance COVID-19 assurance-ch\u00f4mage, tous les ayants droit peuvent percevoir 120 indemnit\u00e9s journali\u00e8res de plus au maximum.<\/p>\n<\/div>\n","protected":false},"excerpt":{"rendered":"<p>Le taux de ch\u00f4mage est rest\u00e9 inchang\u00e9 \u00e0 3,2% pendant le mois sous revue. Le ch\u00f4mage a augment\u00e9 de 47\u2019434 personnes (+46,6%) par rapport au mois correspondant de l&#8217;ann\u00e9e pr\u00e9c\u00e9dente<\/p>\n","protected":false},"author":4,"featured_media":378169,"comment_status":"open","ping_status":"open","sticky":false,"template":"","format":"standard","meta":{"footnotes":""},"categories":[1171,1170],"tags":[],"vendi":[],"content_country":[],"class_list":["post-421690","post","type-post","status-publish","format-standard","has-post-thumbnail","hentry","category-thematique","category-vivre-en-suisse"],"acf":[],"_links":{"self":[{"href":"https:\/\/www.albinfo.at\/fr\/wp-json\/wp\/v2\/posts\/421690","targetHints":{"allow":["GET"]}}],"collection":[{"href":"https:\/\/www.albinfo.at\/fr\/wp-json\/wp\/v2\/posts"}],"about":[{"href":"https:\/\/www.albinfo.at\/fr\/wp-json\/wp\/v2\/types\/post"}],"author":[{"embeddable":true,"href":"https:\/\/www.albinfo.at\/fr\/wp-json\/wp\/v2\/users\/4"}],"replies":[{"embeddable":true,"href":"https:\/\/www.albinfo.at\/fr\/wp-json\/wp\/v2\/comments?post=421690"}],"version-history":[{"count":0,"href":"https:\/\/www.albinfo.at\/fr\/wp-json\/wp\/v2\/posts\/421690\/revisions"}],"wp:featuredmedia":[{"embeddable":true,"href":"https:\/\/www.albinfo.at\/fr\/wp-json\/wp\/v2\/media\/378169"}],"wp:attachment":[{"href":"https:\/\/www.albinfo.at\/fr\/wp-json\/wp\/v2\/media?parent=421690"}],"wp:term":[{"taxonomy":"category","embeddable":true,"href":"https:\/\/www.albinfo.at\/fr\/wp-json\/wp\/v2\/categories?post=421690"},{"taxonomy":"post_tag","embeddable":true,"href":"https:\/\/www.albinfo.at\/fr\/wp-json\/wp\/v2\/tags?post=421690"},{"taxonomy":"vendi","embeddable":true,"href":"https:\/\/www.albinfo.at\/fr\/wp-json\/wp\/v2\/vendi?post=421690"},{"taxonomy":"content_country","embeddable":true,"href":"https:\/\/www.albinfo.at\/fr\/wp-json\/wp\/v2\/content_country?post=421690"}],"curies":[{"name":"wp","href":"https:\/\/api.w.org\/{rel}","templated":true}]}}