{"id":421507,"date":"2020-11-11T12:10:24","date_gmt":"2020-11-11T11:10:24","guid":{"rendered":"https:\/\/www.albinfo.ch\/?p=421507"},"modified":"2020-11-11T21:14:42","modified_gmt":"2020-11-11T20:14:42","slug":"suisse-chine-dialogue-politique-visant-a-consolider-des-relations-durables","status":"publish","type":"post","link":"https:\/\/www.albinfo.at\/fr\/suisse-chine-dialogue-politique-visant-a-consolider-des-relations-durables\/","title":{"rendered":"Suisse \u2013 Chine: dialogue politique visant \u00e0 consolider des relations durables"},"content":{"rendered":"<div class=\"mod mod-nsbnewsdetails\">\n<p><strong>Le lundi 9 novembre 2020, la secr\u00e9taire d\u2019\u00c9tat Krystyna Marty a men\u00e9 un dialogue politique avec Qin Gang, vice-ministre chinois des affaires \u00e9trang\u00e8res charg\u00e9 des affaires europ\u00e9ennes. En raison de la pand\u00e9mie de COVID-19, ces \u00e9changes ont eu lieu par visioconf\u00e9rence. La situation \u00e9pid\u00e9miologique actuelle, les relations \u00e9conomiques entre les deux pays et la situation des droits de l\u2019homme en Chine figuraient au menu des discussions, qui s\u2019inscrivent dans les bonnes relations cultiv\u00e9es entre la Suisse et la Chine.<\/strong><\/p>\n<p>La pand\u00e9mie persistante de COVID-19 met en exergue le r\u00f4le important jou\u00e9 par la coop\u00e9ration internationale, tant au niveau bilat\u00e9ral que multilat\u00e9ral. Les probl\u00e8mes mondiaux appellent des r\u00e9ponses mondiales. Durant ces \u00e9changes vid\u00e9o, la secr\u00e9taire d\u2019\u00c9tat Krystyna Marty et le vice-ministre chinois aux affaires europ\u00e9ennes Qin Gang ont salu\u00e9 le soutien mutuel et la solidarit\u00e9 dont les deux pays ont fait preuve dans la lutte contre le nouveau coronavirus et discut\u00e9 du nouveau test con\u00e7u pour les voyageurs se rendant en Chine. \u00c0 cet \u00e9gard, les deux parties ont affirm\u00e9 vouloir limiter autant que possible les \u00e9ventuels effets n\u00e9gatifs sur les activit\u00e9s commerciales des entreprises suisses en Chine.<\/p>\n<p><strong>Troisi\u00e8me partenaire commercial de la Suisse<\/strong><br \/>\nLes \u00e9changes \u00e9conomiques entre la Suisse et la Chine sont une composante fondamentale des relations bilat\u00e9rales entre les deux pays. Malgr\u00e9 une baisse du volume des \u00e9changes de 17%, la Chine reste, avec 36 milliards de francs, le troisi\u00e8me partenaire commercial de la Suisse apr\u00e8s l\u2019UE et les \u00c9tats-Unis. \u00c0 ce titre, la Suisse salue les efforts d\u00e9ploy\u00e9s par la Chine pour ouvrir son march\u00e9 au commerce mondial et suit de pr\u00e8s les d\u00e9veloppements politiques et \u00e9conomiques. Krystyna Marty et Qin Gang ont \u00e9galement soulign\u00e9 l\u2019importance de cette ouverture pour le march\u00e9 financier chinois.<\/p>\n<p><strong>Dialogue ouvert sur les droits de l\u2019homme<\/strong><br \/>\nLe respect et la promotion des droits de l\u2019homme ont \u00e9t\u00e9 au c\u0153ur du dialogue politique. La Suisse s\u2019est dite pr\u00e9occup\u00e9e par les atteintes aux droits de l\u2019homme observ\u00e9es en Chine, notamment en ce qui concerne le traitement des Ou\u00efgours, des Tib\u00e9tains et d\u2019autres minorit\u00e9s ethniques et religieuses. L\u2019introduction de la loi sur la s\u00e9curit\u00e9 nationale \u00e0 Hong Kong et les restrictions \u00e0 la libert\u00e9 d\u2019expression qui en d\u00e9coulent ont \u00e9galement \u00e9t\u00e9 abord\u00e9es.<\/p>\n<p><strong>Les sports d\u2019hiver, un trait d\u2019union<\/strong><br \/>\nLa secr\u00e9taire d\u2019\u00c9tat Krystyna Marty et le vice-ministre chinois aux affaires europ\u00e9ennes Qin Gang se sont \u00e9galement pench\u00e9s sur des projets tels que les Jeux olympiques d\u2019hiver pr\u00e9vus \u00e0 P\u00e9kin en 2022. Pour la mise en \u0153uvre de cet ambitieux projet sportif, la Chine peut s\u2019appuyer sur la coop\u00e9ration et l\u2019expertise de la Suisse en tant que nation de sports d\u2019hiver.<\/p>\n<p>\u00c0 l\u2019issue du dialogue politique, les deux interlocuteurs ont exprim\u00e9 leur espoir de voir se normaliser rapidement la situation \u00e9pid\u00e9miologique et soulign\u00e9 leur volont\u00e9 de promouvoir des \u00e9changes r\u00e9guliers entre la Suisse et la Chine ainsi que la reprise des voyages entre les deux pays.<\/p>\n<\/div>\n","protected":false},"excerpt":{"rendered":"<p>La situation \u00e9pid\u00e9miologique actuelle, les relations \u00e9conomiques entre les deux pays et la situation des droits de l\u2019homme en Chine figuraient au menu des discussions, qui s\u2019inscrivent dans les bonnes relations cultiv\u00e9es entre la Suisse et la Chine<\/p>\n","protected":false},"author":4,"featured_media":421503,"comment_status":"open","ping_status":"open","sticky":false,"template":"","format":"standard","meta":{"footnotes":""},"categories":[1171,1170],"tags":[],"vendi":[],"content_country":[],"class_list":["post-421507","post","type-post","status-publish","format-standard","has-post-thumbnail","hentry","category-thematique","category-vivre-en-suisse"],"acf":[],"_links":{"self":[{"href":"https:\/\/www.albinfo.at\/fr\/wp-json\/wp\/v2\/posts\/421507","targetHints":{"allow":["GET"]}}],"collection":[{"href":"https:\/\/www.albinfo.at\/fr\/wp-json\/wp\/v2\/posts"}],"about":[{"href":"https:\/\/www.albinfo.at\/fr\/wp-json\/wp\/v2\/types\/post"}],"author":[{"embeddable":true,"href":"https:\/\/www.albinfo.at\/fr\/wp-json\/wp\/v2\/users\/4"}],"replies":[{"embeddable":true,"href":"https:\/\/www.albinfo.at\/fr\/wp-json\/wp\/v2\/comments?post=421507"}],"version-history":[{"count":0,"href":"https:\/\/www.albinfo.at\/fr\/wp-json\/wp\/v2\/posts\/421507\/revisions"}],"wp:featuredmedia":[{"embeddable":true,"href":"https:\/\/www.albinfo.at\/fr\/wp-json\/wp\/v2\/media\/421503"}],"wp:attachment":[{"href":"https:\/\/www.albinfo.at\/fr\/wp-json\/wp\/v2\/media?parent=421507"}],"wp:term":[{"taxonomy":"category","embeddable":true,"href":"https:\/\/www.albinfo.at\/fr\/wp-json\/wp\/v2\/categories?post=421507"},{"taxonomy":"post_tag","embeddable":true,"href":"https:\/\/www.albinfo.at\/fr\/wp-json\/wp\/v2\/tags?post=421507"},{"taxonomy":"vendi","embeddable":true,"href":"https:\/\/www.albinfo.at\/fr\/wp-json\/wp\/v2\/vendi?post=421507"},{"taxonomy":"content_country","embeddable":true,"href":"https:\/\/www.albinfo.at\/fr\/wp-json\/wp\/v2\/content_country?post=421507"}],"curies":[{"name":"wp","href":"https:\/\/api.w.org\/{rel}","templated":true}]}}