{"id":421492,"date":"2020-11-11T11:32:07","date_gmt":"2020-11-11T10:32:07","guid":{"rendered":"https:\/\/www.albinfo.ch\/?p=421492"},"modified":"2020-11-11T11:32:07","modified_gmt":"2020-11-11T10:32:07","slug":"le-conseiller-federal-guy-parmelin-mene-le-dialogue-avec-lassociation-des-nations-de-lasie-du-sud-est-anase","status":"publish","type":"post","link":"https:\/\/www.albinfo.at\/fr\/le-conseiller-federal-guy-parmelin-mene-le-dialogue-avec-lassociation-des-nations-de-lasie-du-sud-est-anase\/","title":{"rendered":"Le conseiller f\u00e9d\u00e9ral Guy Parmelin m\u00e8ne le dialogue avec l\u2019Association des Nations de l\u2019Asie du Sud-Est (ANASE)"},"content":{"rendered":"<div class=\"contentHead\"><\/div>\n<div class=\"mod mod-nsbnewsdetails\">\n<p><strong>Le 10 novembre 2020, le conseiller f\u00e9d\u00e9ral Guy Parmelin, chef du D\u00e9partement f\u00e9d\u00e9ral de l\u2019\u00e9conomie, de la formation et de la recherche (DEFR), a eu une discussion en ligne avec le secr\u00e9taire g\u00e9n\u00e9ral de l\u2019ANASE, six ministres de l\u2019\u00e9conomie, ainsi que quatre vice-ministres et secr\u00e9taires d\u2019\u00c9tat de pays membres. Ce premier \u00e9change a permis d\u2019identifier les domaines de coop\u00e9ration potentiels dans le domaine de l\u2019\u00e9conomie.<\/strong><\/p>\n<p>L\u2019Association des Nations de l\u2019Asie du Sud-Est (ANASE) est un groupement r\u00e9gional dont sont membres le Brun\u00e9i, l\u2019Indon\u00e9sie, le Cambodge, le Laos, la Malaisie, le Myanmar, les Philippines, Singapour, la Tha\u00eflande et le Vietnam. Cet espace \u00e9conomique prend toujours plus d\u2019importance et pr\u00e9sente un grand potentiel de croissance. L\u2019Asie du Sud-Est en tant que march\u00e9 d\u2019exportation et lieu d\u2019investissement est en plein essor, notamment pour l\u2019\u00e9conomie suisse. Les \u00e9changes commerciaux entre la Suisse et les \u00c9tats membres de l\u2019ANASE ont \u00e9t\u00e9 d\u2019environ 25,4\u00a0milliards de francs en 2019. Selon les chiffres de la Banque nationale suisse, nos entreprises ont investi \u00e0 ce jour un total de 40\u00a0milliards de francs dans les \u00c9tats membres de l\u2019ANASE.<\/p>\n<p>Les cons\u00e9quences possibles du COVID-19 sur l\u2019\u00e9conomie mondiale ont \u00e9t\u00e9 au c\u0153ur des discussions. Le conseiller f\u00e9d\u00e9ral Guy Parmelin a soulign\u00e9 que la Suisse s\u2019engage en faveur de march\u00e9s ouverts et d\u2019une coop\u00e9ration internationale. D\u2019autres dossiers pr\u00e9sentant un int\u00e9r\u00eat commun ont \u00e9t\u00e9 discut\u00e9s, comme la num\u00e9risation de l\u2019\u00e9conomie, la promotion des PME, le tourisme durable et la construction d\u2019infrastructures. Enfin, le th\u00e8me de la politique de libre-\u00e9change a lui aussi \u00e9t\u00e9 abord\u00e9. La Suisse et ses partenaires de l\u2019AELE ont conclu des accords de libre-\u00e9change avec deux \u00c9tats membres de l\u2019ANASE, \u00e0 savoir Singapour et les Philippines. Un accord avec l\u2019Indon\u00e9sie a par ailleurs d\u00e9j\u00e0 \u00e9t\u00e9 adopt\u00e9 par le Parlement et des n\u00e9gociations sont en cours avec le Vietnam et la Malaisie. Le conseiller f\u00e9d\u00e9ral Guy Parmelin a propos\u00e9 au nom de l\u2019AELE de renforcer et de formaliser les relations avec l\u2019ANASE en signant une d\u00e9claration de coop\u00e9ration.<\/p>\n<\/div>\n","protected":false},"excerpt":{"rendered":"<p>L\u2019Association des Nations de l\u2019Asie du Sud-Est (ANASE) est un groupement r\u00e9gional dont sont membres le Brun\u00e9i, l\u2019Indon\u00e9sie, le Cambodge, le Laos, la Malaisie, le Myanmar, les Philippines, Singapour, la Tha\u00eflande et le Vietnam<\/p>\n","protected":false},"author":4,"featured_media":331797,"comment_status":"open","ping_status":"open","sticky":false,"template":"","format":"standard","meta":{"footnotes":""},"categories":[1171,1170],"tags":[],"vendi":[],"content_country":[],"class_list":["post-421492","post","type-post","status-publish","format-standard","has-post-thumbnail","hentry","category-thematique","category-vivre-en-suisse"],"acf":[],"_links":{"self":[{"href":"https:\/\/www.albinfo.at\/fr\/wp-json\/wp\/v2\/posts\/421492","targetHints":{"allow":["GET"]}}],"collection":[{"href":"https:\/\/www.albinfo.at\/fr\/wp-json\/wp\/v2\/posts"}],"about":[{"href":"https:\/\/www.albinfo.at\/fr\/wp-json\/wp\/v2\/types\/post"}],"author":[{"embeddable":true,"href":"https:\/\/www.albinfo.at\/fr\/wp-json\/wp\/v2\/users\/4"}],"replies":[{"embeddable":true,"href":"https:\/\/www.albinfo.at\/fr\/wp-json\/wp\/v2\/comments?post=421492"}],"version-history":[{"count":0,"href":"https:\/\/www.albinfo.at\/fr\/wp-json\/wp\/v2\/posts\/421492\/revisions"}],"wp:featuredmedia":[{"embeddable":true,"href":"https:\/\/www.albinfo.at\/fr\/wp-json\/wp\/v2\/media\/331797"}],"wp:attachment":[{"href":"https:\/\/www.albinfo.at\/fr\/wp-json\/wp\/v2\/media?parent=421492"}],"wp:term":[{"taxonomy":"category","embeddable":true,"href":"https:\/\/www.albinfo.at\/fr\/wp-json\/wp\/v2\/categories?post=421492"},{"taxonomy":"post_tag","embeddable":true,"href":"https:\/\/www.albinfo.at\/fr\/wp-json\/wp\/v2\/tags?post=421492"},{"taxonomy":"vendi","embeddable":true,"href":"https:\/\/www.albinfo.at\/fr\/wp-json\/wp\/v2\/vendi?post=421492"},{"taxonomy":"content_country","embeddable":true,"href":"https:\/\/www.albinfo.at\/fr\/wp-json\/wp\/v2\/content_country?post=421492"}],"curies":[{"name":"wp","href":"https:\/\/api.w.org\/{rel}","templated":true}]}}