{"id":420190,"date":"2020-11-06T11:19:25","date_gmt":"2020-11-06T10:19:25","guid":{"rendered":"https:\/\/www.albinfo.ch\/?p=420190"},"modified":"2020-11-06T11:20:00","modified_gmt":"2020-11-06T10:20:00","slug":"coronavirus-ouverture-dun-centre-federal-pour-requerants-dasile-a-brugg-prevue-le-30-novembre-2020","status":"publish","type":"post","link":"https:\/\/www.albinfo.at\/fr\/coronavirus-ouverture-dun-centre-federal-pour-requerants-dasile-a-brugg-prevue-le-30-novembre-2020\/","title":{"rendered":"Ouverture d\u2019un centre f\u00e9d\u00e9ral pour requ\u00e9rants d\u2019asile \u00e0 Brugg pr\u00e9vue le 30 novembre 2020"},"content":{"rendered":"<div class=\"contentHead\"><\/div>\n<div class=\"mod mod-nsbnewsdetails\">\n<p><strong>Le 30 novembre 2020, le Secr\u00e9tariat d\u2019\u00c9tat aux migrations (SEM) mettra en exploitation un nouveau centre f\u00e9d\u00e9ral pour requ\u00e9rants d\u2019asile (CFA), dans les halles militaires de la ville de Brugg (AG), apr\u00e8s plusieurs mois de pr\u00e9paration. En effet, des capacit\u00e9s d\u2019h\u00e9bergement suppl\u00e9mentaires sont requises en raison de la hausse du nombre de demandes d\u2019asile et du fait que les recommandations de la Conf\u00e9d\u00e9ration pour lutter contre la propagation du COVID-19 sont toujours en application. \u00c0 Brugg, 230 places d\u2019h\u00e9bergement seront disponibles, dans un premier temps, pendant trois ans au plus.<\/strong><\/p>\n<p>Le taux d\u2019occupation moyen des seize CFA r\u00e9partis dans toute la Suisse s\u2019\u00e9l\u00e8ve aujourd\u2019hui \u00e0 plus de 90\u00a0%. Il est \u00e0 souligner qu\u2019\u00e0 l\u2019heure actuelle, en raison des r\u00e8gles de comportement et des mesures d\u2019hygi\u00e8ne \u00e0 respecter pour pr\u00e9venir la propagation du coronavirus (distanciation sociale, isolement, quarantaine, etc.), seule la moiti\u00e9 des 4500\u00a0places d\u2019h\u00e9bergement disponibles peuvent \u00eatre occup\u00e9es. En outre, le SEM a enregistr\u00e9 ces derni\u00e8res semaines une reprise du nombre de demandes d\u2019asile, marqu\u00e9e par une hausse constante. La combinaison de ces deux facteurs induit des besoins en capacit\u00e9s suppl\u00e9mentaires et entra\u00eene la n\u00e9cessit\u00e9 d\u2019augmenter, \u00e0 titre pr\u00e9ventif, le nombre de places d\u2019h\u00e9bergement dans des CFA. De surcro\u00eet, le CFA de Muttenz, qui compte quelque 500\u00a0places d\u2019h\u00e9bergement, a d\u00fb \u00eatre clos fin octobre 2020. En juin 2020, le SEM avait d\u00e9j\u00e0 remis en service pour une dur\u00e9e d\u2019un an la caserne de Boltigen (BE) afin de la convertir en CFA. Ce site peut accueillir, \u00e0 titre temporaire, jusqu\u2019\u00e0 120\u00a0requ\u00e9rants d\u2019asile. Pour \u00eatre en mesure de r\u00e9pondre \u00e0 temps \u00e0 toute demande de places d\u2019h\u00e9bergement suppl\u00e9mentaires, le SEM met par ailleurs en exploitation, depuis novembre, un autre CFA temporaire dans les halles du service des automobiles du site L\u00e4ndi de Brugg\u00a0; ce site permet pour l\u2019instant de disposer d\u2019un maximum de 230\u00a0places d\u2019h\u00e9bergement.<\/p>\n<h3>Brugg\u00a0: affectation limit\u00e9e \u00e0 trois ans au plus<\/h3>\n<p>Comme convenu en juin 2020 avec le canton d\u2019Argovie et la ville de Brugg dans le cadre de la planification d\u2019urgence pour l\u2019asile, le SEM a fait r\u00e9am\u00e9nager ces halles par de travaux de plusieurs mois, en vue de pouvoir \u00e9ventuellement y loger des requ\u00e9rants d\u2019asile pendant une dur\u00e9e limit\u00e9e de trois ans au plus. Il a notamment fallu y faire raccorder les locaux aux r\u00e9seaux d\u2019eau et d\u2019\u00e9gouts, installer le chauffage et des blocs sanitaires, poser des dalles, mener des travaux de couverture, monter des cloisons, poser des portes et cl\u00f4turer le p\u00e9rim\u00e8tre du site.<\/p>\n<p>Le CFA de Brugg fonctionnera selon un plan d\u2019exploitation qui a d\u00e9j\u00e0 fait ses preuves dans les autres CFA. Ce plan r\u00e9glementera toutes les questions li\u00e9es \u00e0 l\u2019encadrement, \u00e0 l\u2019h\u00e9bergement et \u00e0 la s\u00e9curit\u00e9 dans ce type d\u2019installations. \u00c0 Brugg, l\u2019encadrement des requ\u00e9rants d\u2019asile sera confi\u00e9 \u00e0 la Soci\u00e9t\u00e9 ORS et la s\u00e9curit\u00e9, tant \u00e0 l\u2019int\u00e9rieur qu\u2019autour du centre, sera assur\u00e9e par la Soci\u00e9t\u00e9 Securitas\u00a0SA. En outre, un groupe de suivi sera mis en place. Toutes les questions pertinentes relatives \u00e0 l\u2019exploitation seront abord\u00e9es sous l\u2019\u00e9gide de la Conf\u00e9d\u00e9ration. Le groupe de suivi se composera de repr\u00e9sentants de la population, de la ville de Brugg, du canton d\u2019Argovie et de la Conf\u00e9d\u00e9ration ou des exploitants du CFA.<\/p>\n<p>Il va de soi que les r\u00e8gles de comportement et les mesures d\u2019hygi\u00e8ne ordonn\u00e9es par le SEM de concert avec l\u2019Office f\u00e9d\u00e9ral de la sant\u00e9 publique pour emp\u00eacher la propagation du COVID-19 seront mises en \u0153uvre \u00e0 Brugg comme dans tous les autres CFA.<\/p>\n<\/div>\n","protected":false},"excerpt":{"rendered":"<p>\u00c0 Brugg, 230 places d\u2019h\u00e9bergement seront disponibles, dans un premier temps, pendant trois ans au plus<\/p>\n","protected":false},"author":4,"featured_media":214936,"comment_status":"open","ping_status":"open","sticky":false,"template":"","format":"standard","meta":{"footnotes":""},"categories":[1171,1170],"tags":[],"vendi":[],"content_country":[],"class_list":["post-420190","post","type-post","status-publish","format-standard","has-post-thumbnail","hentry","category-thematique","category-vivre-en-suisse"],"acf":[],"_links":{"self":[{"href":"https:\/\/www.albinfo.at\/fr\/wp-json\/wp\/v2\/posts\/420190","targetHints":{"allow":["GET"]}}],"collection":[{"href":"https:\/\/www.albinfo.at\/fr\/wp-json\/wp\/v2\/posts"}],"about":[{"href":"https:\/\/www.albinfo.at\/fr\/wp-json\/wp\/v2\/types\/post"}],"author":[{"embeddable":true,"href":"https:\/\/www.albinfo.at\/fr\/wp-json\/wp\/v2\/users\/4"}],"replies":[{"embeddable":true,"href":"https:\/\/www.albinfo.at\/fr\/wp-json\/wp\/v2\/comments?post=420190"}],"version-history":[{"count":0,"href":"https:\/\/www.albinfo.at\/fr\/wp-json\/wp\/v2\/posts\/420190\/revisions"}],"wp:featuredmedia":[{"embeddable":true,"href":"https:\/\/www.albinfo.at\/fr\/wp-json\/wp\/v2\/media\/214936"}],"wp:attachment":[{"href":"https:\/\/www.albinfo.at\/fr\/wp-json\/wp\/v2\/media?parent=420190"}],"wp:term":[{"taxonomy":"category","embeddable":true,"href":"https:\/\/www.albinfo.at\/fr\/wp-json\/wp\/v2\/categories?post=420190"},{"taxonomy":"post_tag","embeddable":true,"href":"https:\/\/www.albinfo.at\/fr\/wp-json\/wp\/v2\/tags?post=420190"},{"taxonomy":"vendi","embeddable":true,"href":"https:\/\/www.albinfo.at\/fr\/wp-json\/wp\/v2\/vendi?post=420190"},{"taxonomy":"content_country","embeddable":true,"href":"https:\/\/www.albinfo.at\/fr\/wp-json\/wp\/v2\/content_country?post=420190"}],"curies":[{"name":"wp","href":"https:\/\/api.w.org\/{rel}","templated":true}]}}