{"id":419281,"date":"2020-11-03T10:00:08","date_gmt":"2020-11-03T09:00:08","guid":{"rendered":"https:\/\/www.albinfo.ch\/?p=419281"},"modified":"2020-11-03T02:38:36","modified_gmt":"2020-11-03T01:38:36","slug":"laumonerie-de-larmee-souvre-a-la-diversite-religieuse","status":"publish","type":"post","link":"https:\/\/www.albinfo.at\/fr\/laumonerie-de-larmee-souvre-a-la-diversite-religieuse\/","title":{"rendered":"L\u2019Aum\u00f4nerie de l\u2019arm\u00e9e s\u2019ouvre \u00e0 la diversit\u00e9 religieuse"},"content":{"rendered":"<div class=\"contentHead\"><\/div>\n<div class=\"mod mod-nsbnewsdetails\">\n<p>Le chef de l\u2019Arm\u00e9e et le chef de l\u2019Aum\u00f4nerie de l\u2019arm\u00e9e (AA) ont rencontr\u00e9 les repr\u00e9sentants d&#8217;\u00e9glises et des communaut\u00e9s religieuses qui reconnaissent et soutiennent, dans sa forme actuelle, ladite aum\u00f4nerie. \u00c0 cette occasion, le commandant de corps Thomas S\u00fcssli et Stefan Junger ont remerci\u00e9, au nom de l\u2019ensemble de l\u2019arm\u00e9e, ces importants partenaires pour leur engagement et leur collaboration sans faille. Dans le m\u00eame temps, les deux militaires les ont inform\u00e9s du d\u00e9veloppement de l\u2019AA, qui doit aller de pair avec l\u2019\u00e9volution de la soci\u00e9t\u00e9 suisse.<\/p>\n<p>L\u2019arm\u00e9e de milice est en effet le miroir de notre soci\u00e9t\u00e9. Celle-ci devient de plus en plus multiculturelle et c\u2019est pourquoi l\u2019AA entretient un dialogue avec d\u2019autres congr\u00e9gations religieuses encore, dont les repr\u00e9sentants deviendront peut-\u00eatre \u00e9galement un jour des partenaires. Il est donc important, pour Thomas S\u00fcssli et Stefan Junger, que les m\u00eames bases s\u2019appliquent \u00e0 toutes les \u00e9glises et \u00e0 toutes les communaut\u00e9s religieuses, l\u2019AA \u00e9tant et souhaitant rester un service destin\u00e9 au plus grand nombre. Au sein m\u00eame de l\u2019AA, on observe par ailleurs une pluralit\u00e9 croissante.<\/p>\n<p>La discussion s\u2019est d\u00e9roul\u00e9e sur la base des Directives sur le conseil, l\u2019accompagnement et le soutien fournis par l\u2019AA, le SPP A et le SSA, qui sont entr\u00e9es en vigueur au mois de mars 2020. Comme le pr\u00e9cisent ces directives, l\u2019AA doit entretenir un dialogue avec les \u00e9glises et communaut\u00e9s religieuses ayant confirm\u00e9 par \u00e9crit qu\u2019elles partageaient ses principes et son mode de travail. Actuellement, ces partenaires sont l\u2019\u00c9glise \u00e9vang\u00e9lique r\u00e9form\u00e9e, repr\u00e9sent\u00e9e par son conseil, l\u2019\u00c9glise catholique romaine, repr\u00e9sent\u00e9e par la Conf\u00e9rence \u00e9piscopale, l\u2019\u00c9glise catholique chr\u00e9tienne, repr\u00e9sent\u00e9e par l\u2019\u00e9v\u00eaque catholique chr\u00e9tien et le Conseil synodal et, enfin, le R\u00e9seau \u00e9vang\u00e9lique suisse.<\/p>\n<p>L\u2019arm\u00e9e adresse ses remerciements les plus vifs \u00e0 ces \u00e9glises et \u00e0 ces communaut\u00e9s religieuses, en esp\u00e9rant pouvoir poursuivre une collaboration des plus appr\u00e9ciables. Gr\u00e2ce au soutien actif de ces partenaires, elle compte pouvoir recruter, lorsque cela sera n\u00e9cessaire, de de nouveaux aum\u00f4niers ou nouvelles aum\u00f4ni\u00e8res.<\/p>\n<\/div>\n","protected":false},"excerpt":{"rendered":"<p>Le chef de l\u2019Arm\u00e9e, le commandant de corps Thomas S\u00fcssli, a rencontr\u00e9 les repr\u00e9sentants d&#8217;\u00e9glises et communaut\u00e9s religieuses en Suisse. Dans ce cadre, les discussions ont port\u00e9 sur l\u2019ouverture de l\u2019Aum\u00f4nerie de l\u2019arm\u00e9e \u00e0 la diversit\u00e9 religieuse. \u00c9tant donn\u00e9 que la soci\u00e9t\u00e9 suisse est de plus en plus multiculturelle, une telle ouverture constitue un r\u00e9el besoin<\/p>\n","protected":false},"author":4,"featured_media":389906,"comment_status":"open","ping_status":"open","sticky":false,"template":"","format":"standard","meta":{"footnotes":""},"categories":[1171,1170],"tags":[],"vendi":[],"content_country":[],"class_list":["post-419281","post","type-post","status-publish","format-standard","has-post-thumbnail","hentry","category-thematique","category-vivre-en-suisse"],"acf":[],"_links":{"self":[{"href":"https:\/\/www.albinfo.at\/fr\/wp-json\/wp\/v2\/posts\/419281","targetHints":{"allow":["GET"]}}],"collection":[{"href":"https:\/\/www.albinfo.at\/fr\/wp-json\/wp\/v2\/posts"}],"about":[{"href":"https:\/\/www.albinfo.at\/fr\/wp-json\/wp\/v2\/types\/post"}],"author":[{"embeddable":true,"href":"https:\/\/www.albinfo.at\/fr\/wp-json\/wp\/v2\/users\/4"}],"replies":[{"embeddable":true,"href":"https:\/\/www.albinfo.at\/fr\/wp-json\/wp\/v2\/comments?post=419281"}],"version-history":[{"count":0,"href":"https:\/\/www.albinfo.at\/fr\/wp-json\/wp\/v2\/posts\/419281\/revisions"}],"wp:featuredmedia":[{"embeddable":true,"href":"https:\/\/www.albinfo.at\/fr\/wp-json\/wp\/v2\/media\/389906"}],"wp:attachment":[{"href":"https:\/\/www.albinfo.at\/fr\/wp-json\/wp\/v2\/media?parent=419281"}],"wp:term":[{"taxonomy":"category","embeddable":true,"href":"https:\/\/www.albinfo.at\/fr\/wp-json\/wp\/v2\/categories?post=419281"},{"taxonomy":"post_tag","embeddable":true,"href":"https:\/\/www.albinfo.at\/fr\/wp-json\/wp\/v2\/tags?post=419281"},{"taxonomy":"vendi","embeddable":true,"href":"https:\/\/www.albinfo.at\/fr\/wp-json\/wp\/v2\/vendi?post=419281"},{"taxonomy":"content_country","embeddable":true,"href":"https:\/\/www.albinfo.at\/fr\/wp-json\/wp\/v2\/content_country?post=419281"}],"curies":[{"name":"wp","href":"https:\/\/api.w.org\/{rel}","templated":true}]}}