{"id":419260,"date":"2020-11-02T23:52:33","date_gmt":"2020-11-02T22:52:33","guid":{"rendered":"https:\/\/www.albinfo.ch\/?p=419260"},"modified":"2020-11-03T01:06:26","modified_gmt":"2020-11-03T00:06:26","slug":"la-candidature-de-la-suisse-au-conseil-de-securite-de-lonu-entre-dans-sa-phase-finale","status":"publish","type":"post","link":"https:\/\/www.albinfo.at\/fr\/la-candidature-de-la-suisse-au-conseil-de-securite-de-lonu-entre-dans-sa-phase-finale\/","title":{"rendered":"La candidature de la Suisse au Conseil de s\u00e9curit\u00e9 de l\u2019ONU entre dans sa phase finale"},"content":{"rendered":"<div class=\"contentHead\"><\/div>\n<div class=\"mod mod-nsbnewsdetails\">\n<p><strong>La Suisse est candidate \u00e0 un si\u00e8ge non permanent au Conseil de s\u00e9curit\u00e9 des Nations Unies. L\u2019\u00e9lection des membres pour la p\u00e9riode 2023-2024 aura lieu en juin 2022. La candidature est entr\u00e9e dans sa phase finale lors d\u2019un \u00e9v\u00e9nement virtuel \u00e0 New York, avec la participation de la pr\u00e9sidente de la Conf\u00e9d\u00e9ration Simonetta Sommaruga et le conseiller f\u00e9d\u00e9ral Ignazio Cassis.<\/strong><\/p>\n<p>La Suisse a officiellement soumis sa candidature au Conseil de s\u00e9curit\u00e9 de l\u2019ONU en 2011. Apr\u00e8s l\u2019\u00e9lection en juin dernier des membres non permanents du groupe des \u00c9tats d\u2019Europe occidentale et autres (GEOA) pour les ann\u00e9es 2021 et 2022, la candidature de la Suisse est maintenant entr\u00e9e dans sa phase finale. Cette candidature, dont le slogan est \u00ab Un Plus Pour La Paix \u00bb, a \u00e9t\u00e9 pr\u00e9sent\u00e9e aux repr\u00e9sentants de toutes les missions aupr\u00e8s de l\u2019ONU lors d\u2019un \u00e9v\u00e9nement virtuel organis\u00e9 dans la soir\u00e9e du 29 octobre depuis New York (heure locale). Le vendredi 30 octobre, \u00e0 Berne, la pr\u00e9sidente de la Conf\u00e9d\u00e9ration Simonetta Sommaruga et le conseiller f\u00e9d\u00e9ral Ignazio Cassis ont inform\u00e9 les m\u00e9dias de cet \u00e9v\u00e9nement, et en particulier de l\u2019\u00e9tat d\u2019avancement de la candidature suisse. Un si\u00e8ge au Conseil de s\u00e9curit\u00e9 permettrait \u00e0 la Suisse de mettre en \u0153uvre les objectifs de sa politique ext\u00e9rieure et d\u2019apporter sa contribution \u00e0 la paix et \u00e0 la s\u00e9curit\u00e9.<\/p>\n<p><b>Engagement pour la paix et la s\u00e9curit\u00e9<\/b><\/p>\n<p>La pr\u00e9sidente de la Conf\u00e9d\u00e9ration Simonetta Sommaruga et le conseiller f\u00e9d\u00e9ral Ignazio Cassis avaient initialement pr\u00e9vu de se rendre \u00e0 New York. N\u00e9anmoins, l\u2019\u00e9v\u00e9nement a finalement eu lieu uniquement de mani\u00e8re virtuelle en raison des restrictions de voyage dues \u00e0 la pand\u00e9mie de Covid-19. Dans son allocution vid\u00e9o, la pr\u00e9sidente de la Conf\u00e9d\u00e9ration a soulign\u00e9 la robustesse du syst\u00e8me politique suisse. Elle a expliqu\u00e9 que la Suisse s\u2019effor\u00e7ait en premier lieu de trouver des solutions consensuelles, que ce soit en politique int\u00e9rieure ou ext\u00e9rieure, et que seul le dialogue permettait d\u2019y parvenir. Le conseiller f\u00e9d\u00e9ral Ignazio Cassis a quant \u00e0 lui relev\u00e9 la contribution positive que la Suisse souhaitait apporter au Conseil de s\u00e9curit\u00e9, notamment gr\u00e2ce \u00e0 la confiance dont le pays jouit aupr\u00e8s de ses partenaires et \u00e0 sa longue tradition dans la promotion de la paix. Il a \u00e9galement soulign\u00e9 l\u2019engagement de la Suisse pour l\u2019\u00e9tat de droit, la d\u00e9mocratie, la paix et la s\u00e9curit\u00e9.<\/p>\n<p>Dans le cadre des candidatures \u00e0 des organes importants de l\u2019ONU, il est d\u2019usage que les \u00c9tats candidats se pr\u00e9sentent de mani\u00e8re appropri\u00e9e au corps \u00e9lectoral. L\u2019\u00e9v\u00e9nement a \u00e9t\u00e9 organis\u00e9 par la mission suisse aupr\u00e8s de l\u2019ONU \u00e0 New York.<\/p>\n<p><b>Candidature ax\u00e9e sur la strat\u00e9gie de politique ext\u00e9rieure<\/b><\/p>\n<p>Parmi les \u00e9l\u00e9ments pr\u00e9sent\u00e9s lors de l\u2019\u00e9v\u00e9nement \u00e0 New York, la Suisse a mis en lumi\u00e8re non seulement son travail pour la paix (\u00ab Un Plus Pour La Paix \u00bb), mais \u00e9galement son engagement pour le droit international humanitaire, l\u2019aide humanitaire et les droits de l\u2019homme (\u00ab un plus pour l\u2019humanit\u00e9 \u00bb), ses efforts pour la mise en \u0153uvre de l\u2019Agenda 2030 pour le d\u00e9veloppement durable (\u00ab un plus pour le d\u00e9veloppement durable \u00bb), l\u2019importance de la Gen\u00e8ve internationale (\u00ab un plus pour le multilat\u00e9ralisme \u00bb) ou encore son r\u00f4le central dans les d\u00e9veloppements en mati\u00e8re d\u2019innovation et de num\u00e9risation (\u00ab un plus pour l\u2019innovation \u00bb). Le site www.unpluspourlapaix.ch, lanc\u00e9 en parall\u00e8le de l\u2019\u00e9v\u00e9nement, contribue \u00e0 donner davantage de visibilit\u00e9 internationale \u00e0 la candidature. Les \u00e9l\u00e9ments retenus reprennent les grandes lignes de la strat\u00e9gie de politique ext\u00e9rieure du Conseil f\u00e9d\u00e9ral pour la p\u00e9riode 2020-2023.<\/p>\n<\/div>\n","protected":false},"excerpt":{"rendered":"<p>La Suisse a officiellement soumis sa candidature au Conseil de s\u00e9curit\u00e9 de l\u2019ONU en 2011<\/p>\n","protected":false},"author":4,"featured_media":256128,"comment_status":"open","ping_status":"open","sticky":false,"template":"","format":"standard","meta":{"footnotes":""},"categories":[1171,1170],"tags":[],"vendi":[],"content_country":[],"class_list":["post-419260","post","type-post","status-publish","format-standard","has-post-thumbnail","hentry","category-thematique","category-vivre-en-suisse"],"acf":[],"_links":{"self":[{"href":"https:\/\/www.albinfo.at\/fr\/wp-json\/wp\/v2\/posts\/419260","targetHints":{"allow":["GET"]}}],"collection":[{"href":"https:\/\/www.albinfo.at\/fr\/wp-json\/wp\/v2\/posts"}],"about":[{"href":"https:\/\/www.albinfo.at\/fr\/wp-json\/wp\/v2\/types\/post"}],"author":[{"embeddable":true,"href":"https:\/\/www.albinfo.at\/fr\/wp-json\/wp\/v2\/users\/4"}],"replies":[{"embeddable":true,"href":"https:\/\/www.albinfo.at\/fr\/wp-json\/wp\/v2\/comments?post=419260"}],"version-history":[{"count":0,"href":"https:\/\/www.albinfo.at\/fr\/wp-json\/wp\/v2\/posts\/419260\/revisions"}],"wp:featuredmedia":[{"embeddable":true,"href":"https:\/\/www.albinfo.at\/fr\/wp-json\/wp\/v2\/media\/256128"}],"wp:attachment":[{"href":"https:\/\/www.albinfo.at\/fr\/wp-json\/wp\/v2\/media?parent=419260"}],"wp:term":[{"taxonomy":"category","embeddable":true,"href":"https:\/\/www.albinfo.at\/fr\/wp-json\/wp\/v2\/categories?post=419260"},{"taxonomy":"post_tag","embeddable":true,"href":"https:\/\/www.albinfo.at\/fr\/wp-json\/wp\/v2\/tags?post=419260"},{"taxonomy":"vendi","embeddable":true,"href":"https:\/\/www.albinfo.at\/fr\/wp-json\/wp\/v2\/vendi?post=419260"},{"taxonomy":"content_country","embeddable":true,"href":"https:\/\/www.albinfo.at\/fr\/wp-json\/wp\/v2\/content_country?post=419260"}],"curies":[{"name":"wp","href":"https:\/\/api.w.org\/{rel}","templated":true}]}}