{"id":418500,"date":"2020-10-30T20:15:41","date_gmt":"2020-10-30T19:15:41","guid":{"rendered":"https:\/\/www.albinfo.ch\/?p=418500"},"modified":"2020-10-30T19:57:40","modified_gmt":"2020-10-30T18:57:40","slug":"echange-entre-la-suisse-et-lallemagne-dans-le-domaine-de-la-formation-et-de-la-recherche","status":"publish","type":"post","link":"https:\/\/www.albinfo.at\/fr\/echange-entre-la-suisse-et-lallemagne-dans-le-domaine-de-la-formation-et-de-la-recherche\/","title":{"rendered":"\u00c9change entre la Suisse et l\u2019Allemagne dans le domaine de la formation et de la recherche"},"content":{"rendered":"<div class=\"contentHead\"><\/div>\n<div class=\"mod mod-nsbnewsdetails\">\n<p><strong>La rencontre annuelle entre le Secr\u00e9tariat d\u2019\u00c9tat \u00e0 la formation, \u00e0 la recherche et \u00e0 l\u2019innovation (SEFRI) et le Minist\u00e8re allemand de l\u2019\u00e9ducation et de la recherche (BMBF) a eu lieu le 28 octobre 2020. Les d\u00e9l\u00e9gations \u00e9taient conduites par le chef de la division Relations internationales au SEFRI, l\u2019ambassadeur Mauro Moruzzi, et par la directrice de la coop\u00e9ration europ\u00e9enne et internationale au BMBF, Susanne Burger. Ils se sont tous deux f\u00e9licit\u00e9s de l\u2019excellente collaboration entre l\u2019Allemagne et la Suisse, en particulier dans le contexte exceptionnel du Covid-19.<\/strong><\/p>\n<p>Les d\u00e9l\u00e9gations suisses et allemandes ont discut\u00e9 par vid\u00e9oconf\u00e9rence des \u00e9volutions politiques actuelles qui ont une incidence sur le domaine de la formation, de la recherche et de l\u2019innovation (FRI), ainsi que de la collaboration bilat\u00e9rale Suisse-Allemagne. Le message relatif \u00e0 l\u2019encouragement de la formation, de la recherche et de l\u2019innovation (FRI) pendant les ann\u00e9es 2021 \u00e0 2024, actuellement en discussion au Parlement, et les \u00e9volutions au niveau europ\u00e9en ont fait partie des th\u00e8mes soulev\u00e9s par la d\u00e9l\u00e9gation suisse, en plus des cons\u00e9quences de la crise li\u00e9e au Covid-19. L\u2019Espace europ\u00e9en de la recherche, l\u2019avenir des programmes-cadres de recherche de l\u2019UE et la collaboration dans le cadre des infrastructures de recherche internationales ont fait l\u2019objet d\u2019une attention particuli\u00e8re. L\u2019introduction actuelle de dipl\u00f4mes professionnels aux niveaux bachelor et master dans la formation professionnelle allemande a par ailleurs \u00e9t\u00e9 abord\u00e9e \u00e0 des fins d\u2019information.<\/p>\n<p>L\u2019Allemagne est de loin le partenaire le plus important de la Suisse dans le domaine FRI. Les r\u00e9seaux et l\u2019excellente coop\u00e9ration tant au niveau des chercheurs qu\u2019\u00e0 celui des institutions des deux pays prennent tr\u00e8s souvent appui sur le programme-cadre de recherche de l\u2019UE \u00abHorizon 2020\u00bb, \u00e0 travers lequel quelque 1500 coop\u00e9rations ont \u00e9t\u00e9 nou\u00e9es entre des partenaires suisses et allemands. Entre 2015 et 2020, le Fonds national suisse a en outre soutenu plus de 4800 projets auxquels l\u2019Allemagne participait. Par ailleurs, avec quelque 12&#8217;000 \u00e9tudiants (2019-2020; uniquement les \u00e9tudiants qui ont effectu\u00e9 leur scolarit\u00e9 en Allemagne), les Allemands constituent le plus grand groupe d\u2019\u00e9tudiants \u00e9trangers dans les hautes \u00e9coles suisses. De leur c\u00f4t\u00e9, les \u00e9tudiants suisses sont environ 3800 \u00e0 \u00e9tudier en Allemagne.<\/p>\n<\/div>\n","protected":false},"excerpt":{"rendered":"<p>Les d\u00e9l\u00e9gations suisses et allemandes ont discut\u00e9 par vid\u00e9oconf\u00e9rence des \u00e9volutions politiques actuelles qui ont une incidence sur le domaine de la formation, de la recherche et de l\u2019innovation (FRI), ainsi que de la collaboration bilat\u00e9rale Suisse-Allemagne<\/p>\n","protected":false},"author":4,"featured_media":272111,"comment_status":"open","ping_status":"open","sticky":false,"template":"","format":"standard","meta":{"footnotes":""},"categories":[1171,1170],"tags":[],"vendi":[],"content_country":[],"class_list":["post-418500","post","type-post","status-publish","format-standard","has-post-thumbnail","hentry","category-thematique","category-vivre-en-suisse"],"acf":[],"_links":{"self":[{"href":"https:\/\/www.albinfo.at\/fr\/wp-json\/wp\/v2\/posts\/418500","targetHints":{"allow":["GET"]}}],"collection":[{"href":"https:\/\/www.albinfo.at\/fr\/wp-json\/wp\/v2\/posts"}],"about":[{"href":"https:\/\/www.albinfo.at\/fr\/wp-json\/wp\/v2\/types\/post"}],"author":[{"embeddable":true,"href":"https:\/\/www.albinfo.at\/fr\/wp-json\/wp\/v2\/users\/4"}],"replies":[{"embeddable":true,"href":"https:\/\/www.albinfo.at\/fr\/wp-json\/wp\/v2\/comments?post=418500"}],"version-history":[{"count":0,"href":"https:\/\/www.albinfo.at\/fr\/wp-json\/wp\/v2\/posts\/418500\/revisions"}],"wp:featuredmedia":[{"embeddable":true,"href":"https:\/\/www.albinfo.at\/fr\/wp-json\/wp\/v2\/media\/272111"}],"wp:attachment":[{"href":"https:\/\/www.albinfo.at\/fr\/wp-json\/wp\/v2\/media?parent=418500"}],"wp:term":[{"taxonomy":"category","embeddable":true,"href":"https:\/\/www.albinfo.at\/fr\/wp-json\/wp\/v2\/categories?post=418500"},{"taxonomy":"post_tag","embeddable":true,"href":"https:\/\/www.albinfo.at\/fr\/wp-json\/wp\/v2\/tags?post=418500"},{"taxonomy":"vendi","embeddable":true,"href":"https:\/\/www.albinfo.at\/fr\/wp-json\/wp\/v2\/vendi?post=418500"},{"taxonomy":"content_country","embeddable":true,"href":"https:\/\/www.albinfo.at\/fr\/wp-json\/wp\/v2\/content_country?post=418500"}],"curies":[{"name":"wp","href":"https:\/\/api.w.org\/{rel}","templated":true}]}}