{"id":418162,"date":"2020-10-29T14:15:02","date_gmt":"2020-10-29T13:15:02","guid":{"rendered":"https:\/\/www.albinfo.ch\/?p=418162"},"modified":"2020-10-29T14:17:11","modified_gmt":"2020-10-29T13:17:11","slug":"coronavirus-nouvelles-mesures-visant-a-endiguer-lepidemie-introduction-des-tests-rapides-nouvelle-reglementation-des-quarantaines-liees-aux-voyages","status":"publish","type":"post","link":"https:\/\/www.albinfo.at\/fr\/coronavirus-nouvelles-mesures-visant-a-endiguer-lepidemie-introduction-des-tests-rapides-nouvelle-reglementation-des-quarantaines-liees-aux-voyages\/","title":{"rendered":"Nouvelles mesures visant \u00e0 endiguer l\u2019\u00e9pid\u00e9mie, introduction des tests rapides, nouvelle r\u00e9glementation des quarantaines li\u00e9es aux voyages"},"content":{"rendered":"<div class=\"contentHead\">\n<h1><\/h1>\n<\/div>\n<div class=\"mod mod-nsbnewsdetails\">\n<p><strong>Berne,\u00a028.10.2020\u00a0&#8211;\u00a0Lors de sa s\u00e9ance du 28 octobre 2020, le Conseil f\u00e9d\u00e9ral a adopt\u00e9 de nouvelles mesures valables dans tout le pays pour contrer la propagation rapide du coronavirus. Il s\u2019agit de r\u00e9duire fortement les contacts interpersonnels. Les discoth\u00e8ques et les bo\u00eetes de nuit sont ferm\u00e9es, alors que les bars et les restaurants doivent fermer leurs portes \u00e0 23 h. Toutes les manifestations de plus de 50 personnes et toutes les activit\u00e9s sportives et culturelles non professionnelles de plus de 15 personnes sont interdites. L\u2019obligation de porter un masque est \u00e9galement \u00e9tendue. Ces mesures entrent en vigueur jeudi 29 octobre pour une dur\u00e9e ind\u00e9termin\u00e9e. Par ailleurs, les hautes \u00e9coles doivent renoncer \u00e0 l\u2019enseignement pr\u00e9sentiel \u00e0 partir de lundi 2 novembre. Apr\u00e8s consultation des cantons, le Conseil f\u00e9d\u00e9ral a adapt\u00e9 en ce sens l\u2019ordonnance COVID-19 situation particuli\u00e8re. Il a \u00e9galement adapt\u00e9 les r\u00e8gles relatives aux quarantaines li\u00e9es aux voyages et d\u00e9cid\u00e9 d\u2019introduire les tests rapides.<\/strong><\/p>\n<p>Le nombre de cas de coronavirus et d\u2019hospitalisations a drastiquement augment\u00e9. Le Conseil f\u00e9d\u00e9ral entend endiguer la propagation des infections au COVID-19 afin d\u2019\u00e9viter une surcharge des services de soins intensifs et du personnel hospitalier. Il a donc pris des mesures visant \u00e0 r\u00e9duire le nombre de contacts interpersonnels.<\/p>\n<p><strong>Fermeture des discoth\u00e8ques<\/strong><br \/>\nLes discoth\u00e8ques et les bo\u00eetes de nuit \u00e9tant synonymes de risque \u00e9lev\u00e9 de contamination, elles doivent fermer leurs portes. Dans les restaurants et les bars, les tables ne peuvent plus accueillir plus de quatre personnes, sauf s\u2019il s\u2019agit de parents avec leurs enfants. Les bars et restaurants devront en outre rester ferm\u00e9s\u00a0entre 23 h et 6 h.<\/p>\n<p><strong>Interdiction des manifestations de plus de 50 personnes<\/strong><br \/>\nLes manifestations r\u00e9unissant plus de 50 personnes ne sont plus autoris\u00e9es. Cette mesure concerne toutes les manifestations, notamment sportives et culturelles, \u00e0 l\u2019exception des assembl\u00e9es parlementaires et communales. Sont \u00e9galement autoris\u00e9es les manifestations et les r\u00e9coltes de signatures pour les r\u00e9f\u00e9rendums et les initiatives, moyennant le respect des mesures de protection. De nombreuses infections ayant lieu dans le cadre priv\u00e9, les r\u00e9unions de famille et entre amis dans le cercle priv\u00e9 sont pour leur part limit\u00e9es \u00e0 dix personnes.<\/p>\n<p><strong>Interdiction des activit\u00e9s sportives et culturelles non professionnelles r\u00e9unissant plus de 15 personnes<\/strong><br \/>\nLes activit\u00e9s sportives et culturelles non professionnelles ayant lieu \u00e0 l\u2019int\u00e9rieur et r\u00e9unissant 15 personnes au maximum restent autoris\u00e9es, pour autant que les distances puissent \u00eatre respect\u00e9es et que le port du masque soit garanti. Les personnes concern\u00e9es peuvent renoncer aux masques dans de grands locaux comme les halles de tennis, et \u00e0 l\u2019ext\u00e9rieur lorsque les distances sont respect\u00e9es. Les sports impliquant des contacts physiques sont interdits. Ces r\u00e8gles ne s\u2019appliquent pas aux enfants de moins de 16 ans.<\/p>\n<p>Dans le secteur professionnel des sports et de la culture, les entra\u00eenements, les comp\u00e9titions, les r\u00e9p\u00e9titions et les spectacles restent autoris\u00e9s. Pour leur part, les manifestations des chorales d\u2019amateurs sont interdites, car chanter entra\u00eene une \u00e9mission importante de gouttelettes. Les chorales professionnelles peuvent toutefois continuer \u00e0 r\u00e9p\u00e9ter.<\/p>\n<p><strong>Interdiction de l\u2019enseignement pr\u00e9sentiel dans les hautes \u00e9coles<\/strong><br \/>\nD\u00e8s lundi 2 novembre, les hautes \u00e9coles doivent passer \u00e0 l\u2019enseignement \u00e0 distance. Les \u00e9coles obligatoires et les \u00e9coles du degr\u00e9 secondaire II (gymnases et formation professionnelle) peuvent quant \u00e0 elles continuer \u00e0 donner leurs cours en pr\u00e9sentiel.<\/p>\n<p><strong>Nouvelle extension de l\u2019obligation de porter le masque<\/strong><br \/>\nDepuis le 19 octobre dernier, toutes les personnes se trouvant dans des espaces ferm\u00e9s accessibles au public ainsi que dans les zones d\u2019attente des a\u00e9roports et des transports publics, notamment des gares, doivent porter un masque. Le port du masque est d\u00e9sormais aussi obligatoire dans les espaces ext\u00e9rieurs d\u2019installations et d\u2019\u00e9tablissements de type magasins, th\u00e9\u00e2tres, cin\u00e9mas, salles de concert, restaurants, bars ainsi que sur les march\u00e9s et les march\u00e9s de No\u00ebl. Il faut en outre porter un masque dans les zones pi\u00e9tonnes tr\u00e8s fr\u00e9quent\u00e9es et partout o\u00f9 la concentration de personnes ne permet pas de respecter les distances n\u00e9cessaires. L\u2019obligation de porter un masque concerne aussi les \u00e9coles \u00e0 partir du degr\u00e9 secondaire II. Au travail, il faut aussi porter un masque partout, sauf lorsque les r\u00e8gles de distance peuvent \u00eatre observ\u00e9es (bureaux occup\u00e9s par une seule personne par exemple). Les employeurs doivent par ailleurs permettre \u00e0 leurs employ\u00e9s de t\u00e9l\u00e9travailler autant que possible et veiller \u00e0 leur s\u00e9curit\u00e9 sur le lieu de travail.<\/p>\n<p>Sont exempt\u00e9s de l\u2019obligation de porter un masque les enfants jusqu\u2019\u00e0 douze ans, les personnes ne pouvant pas porter de masque pour des raisons m\u00e9dicales ainsi que les clients des restaurants et des bars une fois assis \u00e0 leur table.<\/p>\n<p><strong>Introduction des tests rapides<\/strong><br \/>\n\u00c0 partir du 2 novembre 2020, il sera possible d\u2019utiliser, en plus des tests PCR actuellement employ\u00e9s, les tests rapides antig\u00e9niques pour d\u00e9terminer si une personne est infect\u00e9e par le COVID-19. L\u2019objectif est de permettre un d\u00e9pistage plus vaste et plus rapide de la population, soit concr\u00e8tement de d\u00e9tecter et d\u2019isoler plus rapidement davantage de cas positifs.<\/p>\n<p>Le Centre national de r\u00e9f\u00e9rence pour les infections virales \u00e9mergentes (CRIVE), sis \u00e0 Gen\u00e8ve, est en train d\u2019\u00e9valuer la fiabilit\u00e9 de ces tests, qui sont moins sensibles que les tests PCR. Comme ils sont surtout indiqu\u00e9s lorsque les personnes sont contagieuses, l\u2019Office f\u00e9d\u00e9ral de la sant\u00e9 publique (OFSP) pr\u00e9voit de les utiliser uniquement pour les personnes qu\u2019il consid\u00e8re comme symptomatiques et qui ne font pas partie des groupes vuln\u00e9rables. \u00c0 noter que l\u2019apparition des sympt\u00f4mes devra remonter \u00e0 moins de quatre jours. L\u2019utilisation des tests rapides sera aussi possible pour des personnes non symptomatiques, mais qui ont re\u00e7u une notification de l\u2019application SwissCovid. Si elles sont positives, elles devront se placer imm\u00e9diatement en isolement.<\/p>\n<p>Les tests rapides seront rembours\u00e9s par la Conf\u00e9d\u00e9ration, mais uniquement lorsqu\u2019ils ont \u00e9t\u00e9 utilis\u00e9s conform\u00e9ment aux recommandations de l\u2019OFSP.<\/p>\n<p><strong>Nouveau seuil pour les quarantaines li\u00e9es aux voyages<\/strong><br \/>\nLe Conseil f\u00e9d\u00e9ral a adapt\u00e9 le seuil qui d\u00e9finit les pays et les territoires \u00e0 risque et implique une quarantaine pour les voyageurs concern\u00e9s. Il a \u00e9galement adapt\u00e9 l\u2019obligation de quarantaine en cas de voyage d\u2019affaires. Lesdites adaptations entrent en vigueur le 29 octobre 2020.<\/p>\n<p>L\u2019incidence du COVID-19 en Suisse \u00e9tant relativement \u00e9lev\u00e9e en comparaison avec les pays europ\u00e9ens, le seuil pr\u00e9cit\u00e9 a \u00e9t\u00e9 relev\u00e9 et l\u2019ordonnance adapt\u00e9e : seuls les pays et les territoires o\u00f9 l\u2019incidence d\u00e9passe de plus de 60 l\u2019incidence en Suisse seront plac\u00e9s sur ladite liste.<\/p>\n<p>Enfin, les exceptions relatives aux voyages d\u2019affaires et aux personnes qui voyagent pour des raisons m\u00e9dicales ont \u00e9galement \u00e9t\u00e9 actualis\u00e9es : la r\u00e8gle selon laquelle les voyages en question ne peuvent exc\u00e9der cinq jours a \u00e9t\u00e9 supprim\u00e9e.<\/p>\n<\/div>\n","protected":false},"excerpt":{"rendered":"<p>Ces mesures entrent en vigueur jeudi 29 octobre pour une dur\u00e9e ind\u00e9termin\u00e9e. Par ailleurs, les hautes \u00e9coles doivent renoncer \u00e0 l\u2019enseignement pr\u00e9sentiel \u00e0 partir de lundi 2 novembre<\/p>\n","protected":false},"author":4,"featured_media":417974,"comment_status":"open","ping_status":"open","sticky":false,"template":"","format":"standard","meta":{"footnotes":""},"categories":[1171,18826,22521,24630,1170,1411,2014],"tags":[],"vendi":[],"content_country":[],"class_list":["post-418162","post","type-post","status-publish","format-standard","has-post-thumbnail","hentry","category-thematique","category-lajme-jeta-ne-zvicer-fr","category-coronavirus-minutes-par-minutes","category-nouvelles","category-vivre-en-suisse","category-newsletter-fr","category-newsletter-media-fr"],"acf":[],"_links":{"self":[{"href":"https:\/\/www.albinfo.at\/fr\/wp-json\/wp\/v2\/posts\/418162","targetHints":{"allow":["GET"]}}],"collection":[{"href":"https:\/\/www.albinfo.at\/fr\/wp-json\/wp\/v2\/posts"}],"about":[{"href":"https:\/\/www.albinfo.at\/fr\/wp-json\/wp\/v2\/types\/post"}],"author":[{"embeddable":true,"href":"https:\/\/www.albinfo.at\/fr\/wp-json\/wp\/v2\/users\/4"}],"replies":[{"embeddable":true,"href":"https:\/\/www.albinfo.at\/fr\/wp-json\/wp\/v2\/comments?post=418162"}],"version-history":[{"count":0,"href":"https:\/\/www.albinfo.at\/fr\/wp-json\/wp\/v2\/posts\/418162\/revisions"}],"wp:featuredmedia":[{"embeddable":true,"href":"https:\/\/www.albinfo.at\/fr\/wp-json\/wp\/v2\/media\/417974"}],"wp:attachment":[{"href":"https:\/\/www.albinfo.at\/fr\/wp-json\/wp\/v2\/media?parent=418162"}],"wp:term":[{"taxonomy":"category","embeddable":true,"href":"https:\/\/www.albinfo.at\/fr\/wp-json\/wp\/v2\/categories?post=418162"},{"taxonomy":"post_tag","embeddable":true,"href":"https:\/\/www.albinfo.at\/fr\/wp-json\/wp\/v2\/tags?post=418162"},{"taxonomy":"vendi","embeddable":true,"href":"https:\/\/www.albinfo.at\/fr\/wp-json\/wp\/v2\/vendi?post=418162"},{"taxonomy":"content_country","embeddable":true,"href":"https:\/\/www.albinfo.at\/fr\/wp-json\/wp\/v2\/content_country?post=418162"}],"curies":[{"name":"wp","href":"https:\/\/api.w.org\/{rel}","templated":true}]}}