{"id":417806,"date":"2020-10-27T23:03:25","date_gmt":"2020-10-27T22:03:25","guid":{"rendered":"https:\/\/www.albinfo.ch\/?p=417806"},"modified":"2020-10-28T16:30:28","modified_gmt":"2020-10-28T15:30:28","slug":"la-securite-de-la-suisse-2020-le-service-de-renseignement-de-la-confederation-presente-son-rapport-de-situation","status":"publish","type":"post","link":"https:\/\/www.albinfo.at\/fr\/la-securite-de-la-suisse-2020-le-service-de-renseignement-de-la-confederation-presente-son-rapport-de-situation\/","title":{"rendered":"\u00abLa s\u00e9curit\u00e9 de la Suisse 2020\u00bb : le Service de renseignement de la Conf\u00e9d\u00e9ration pr\u00e9sente son rapport de situation"},"content":{"rendered":"<div class=\"mod mod-nsbnewsdetails\">\n<p>La politique internationale en mati\u00e8re de s\u00e9curit\u00e9 est aujourd\u2019hui marqu\u00e9e par les rivalit\u00e9s entre plusieurs acteurs qui veulent gagner en influence. Dans ce contexte, les capacit\u00e9s d&#8217;anticipation et d&#8217;identification pr\u00e9coce du Service de renseignement de la Conf\u00e9d\u00e9ration (SRC) jouent un r\u00f4le pr\u00e9pond\u00e9rant, afin de d\u00e9celer \u00e0 temps les menaces et les \u00e9valuer, pour ensuite prendre les mesures pr\u00e9ventives qui s\u2019imposent. Le rapport annuel du SRC pr\u00e9sente les principales \u00e9volutions de la situation du point de vue du renseignement.<\/p>\n<p>S\u2019il n\u2019est actuellement pas encore possible de d\u00e9terminer quels seront les impacts de la pand\u00e9mie de Covid-19 sur le plan de la politique de s\u00e9curit\u00e9, les observations du SRC d\u00e9montrent un renforcement \u2013 et vraisemblablement une acc\u00e9l\u00e9ration \u2013 des tendances sur le plan international. La pand\u00e9mie de Covid-19 fournit de nouveaux indices quant \u00e0 la fin d\u2019un ordre mondial fortement marqu\u00e9 par les \u00c9tats-Unis, leur syst\u00e8me d\u2019alliances, et des institutions souvent soumises \u00e0 une profonde influence am\u00e9ricaine.<\/p>\n<p>Le changement actuellement observ\u00e9 au niveau international dans le domaine de la politique de s\u00e9curit\u00e9 va perdurer. La question se pose de savoir si un ordre stable va \u00e0 nouveau s\u2019\u00e9tablir dans un avenir proche. Un nouvel ordre bipolaire entre les \u00c9tats-Unis et la Chine, dont on ne distingue pour l\u2019heure toutefois pas encore clairement les contours, pourrait se mettre en place. Une \u00e9ventuelle \u00e9volution vers un syst\u00e8me multipolaire est encore plus incertaine.<\/p>\n<h2>Une comp\u00e9tition strat\u00e9gique entre les grandes puissances<\/h2>\n<p>La rivalit\u00e9 entre les \u00c9tats-Unis et la Chine, les efforts de la Russie visant \u00e0 consolider sa zone d\u2019influence en Europe, ainsi que divers conflits et crises aux fronti\u00e8res europ\u00e9ennes marquent l\u2019environnement strat\u00e9gique de la Suisse. Les \u00c9tats-Unis vont certes rester, au-del\u00e0 de 2020, la puissance mondiale exer\u00e7ant l\u2019influence la plus grande, mais les relations transatlantiques et la pr\u00e9sence am\u00e9ricaine au Proche-Orient et au Moyen-Orient vont \u00e0 l\u2019avenir perdre encore en importance. Les contradicteurs g\u00e9opolitiques des \u00c9tats-Unis essaient d\u2019en tirer profit et de d\u00e9ployer leur puissance dans les br\u00e8ches ainsi cr\u00e9\u00e9es, afin d\u2019imposer la promotion de leurs propres int\u00e9r\u00eats.<\/p>\n<p>La Chine se consid\u00e8re comme une grande puissance en plein essor, au m\u00eame titre que les \u00c9tats-Unis. Le foss\u00e9 entre le mod\u00e8le lib\u00e9ral occidental et le capitalisme d\u2019\u00c9tat autoritaire va encore se creuser. Les indices selon lesquels le syst\u00e8me international pourrait de plus en plus \u00eatre marqu\u00e9 par la concurrence strat\u00e9gique entre les \u00c9tats-Unis et la Chine se multiplient, pouvant aller jusqu\u2019\u00e0 la mise en place de zones d\u2019influence strat\u00e9gique exclusives.<\/p>\n<p>La Russie continue de chercher \u00e0 agir sur un pied d\u2019\u00e9galit\u00e9 avec les \u00c9tats-Unis et tente d&#8217;asseoir sa propre sph\u00e8re d\u2019influence. Sa politique porte ses fruits et la Russie ne compte pas s\u2019arr\u00eater l\u00e0. L\u2019Ukraine demeure au c\u0153ur des int\u00e9r\u00eats strat\u00e9giques russes, tout comme la Bi\u00e9lorussie apr\u00e8s les manifestations cons\u00e9cutives aux \u00e9lections pr\u00e9sidentielles du 9 ao\u00fbt 2020. Le Kremlin a mis en garde les \u00c9tats-Unis et l\u2019Union europ\u00e9enne contre toute ing\u00e9rence dans ce dossier. La mer Noire et la M\u00e9diterran\u00e9e sont \u00e9galement les th\u00e9\u00e2tres d\u2019une rivalit\u00e9 strat\u00e9gique avec d\u2019autres acteurs. La Russie engage aussi des moyens militaires pour atteindre ses objectifs.<\/p>\n<h2>L&#8217;espionnage, instrument des luttes de pouvoir<\/h2>\n<p>L\u2019espionnage est l\u2019expression des tensions pr\u00e9c\u00e9demment d\u00e9crites. Les \u00c9tats se servent de l\u2019espionnage comme instrument pour atteindre ou consolider une position avantageuse, voire dominante, face \u00e0 des rivaux politiques, militaires ou \u00e9conomiques. De telles tensions se refl\u00e8tent \u00e9galement dans les activit\u00e9s d\u2019espionnage d\u2019autres \u00c9tats sur sol suisse, ce qui nuit \u00e0 l\u2019image de notre pays comme \u00c9tat h\u00f4te de la diplomatie internationale. De plus, des int\u00e9r\u00eats suisses sont directement menac\u00e9s lorsque des acteurs de l\u2019espionnage prennent par exemple pour cibles la place commerciale et financi\u00e8re suisse, des entreprises innovantes ou des institutions politiques, afin d\u2019obtenir des avantages concurrentiels et des possibilit\u00e9s d\u2019influence. Certains \u00c9tats utilisent \u00e9galement l\u2019espionnage comme instrument contre leurs propres ressortissants afin de consolider leur pouvoir, par exemple en surveillant et en intimidant des opposants \u00e0 l\u2019\u00e9tranger, y compris en Suisse.<\/p>\n<p>Les activit\u00e9s d\u2019espionnage et, plus globalement, les luttes de pouvoir au niveau international, interviennent aussi dans l\u2019espace cybern\u00e9tique. Les infrastructures critiques de la Suisse n\u2019ont jusqu\u2019\u00e0 pr\u00e9sent jamais \u00e9t\u00e9 directement vis\u00e9es par des actes de sabotage commandit\u00e9s par un \u00c9tat. Mais de telles attaques visent aussi des partenaires et fournisseurs suisses, et le fait qu&#8217;ils subissent des dommages est au moins un risque assum\u00e9. Les int\u00e9r\u00eats suisses peuvent donc aussi \u00eatre touch\u00e9s indirectement par le conflit men\u00e9 dans l\u2019espace cybern\u00e9tique.<\/p>\n<h2>Extr\u00e9misme violent: tentatives d&#8217;instrumentalisation des manifestations<\/h2>\n<p>Dans le contexte du terrorisme djihadiste, l\u2019 \u00ab \u00c9tat islamique \u00bb continue \u00e0 donner le ton. La menace terroriste en Suisse reste \u00e9lev\u00e9e. De nouveaux attentats en Europe sont probables \u2013 en premier lieu des attentats inspir\u00e9s par l\u2019 \u00ab \u00c9tat islamique \u00bb. Aux yeux des djihadistes, la Suisse fait certes partie des cibles d\u2019attentats l\u00e9gitimes, mais elle ne constitue pas une priorit\u00e9.<\/p>\n<p>Le potentiel de violence persiste aussi bien parmi les extr\u00e9mistes de gauche que les extr\u00e9mistes de droite. Au sein des milieux d\u2019extr\u00eame gauche, les formes de violence plus graves comme les incendies intentionnels restent principalement limit\u00e9es \u00e0 des cibles consid\u00e9r\u00e9es comme pr\u00e9sentant un lien avec ce que ces milieux d\u00e9signent par la \u00ab r\u00e9pression \u00bb. Lors de manifestations, une participation accrue \u00e0 des actions violentes et une agressivit\u00e9 marqu\u00e9e, voire croissante, sont perceptibles. Les milieux d\u2019extr\u00eame gauche tentent notamment de prendre la t\u00eate de nouveaux mouvements, comme ce fut le cas cette ann\u00e9e lors des manifestations Black Lives Matter en Suisse, et de les instrumentaliser \u00e0 leurs propres fins.<\/p>\n<p>Les membres des milieux d\u2019extr\u00eame droite font actuellement preuve de retenue vis-\u00e0-vis de l\u2019usage de la violence, mais il convient de tenir compte d&#8217;indices faisant \u00e9tat d\u2019entra\u00eenements \u00e0 des sports de combat et de la possession d\u2019armes fonctionnelles. En Suisse, le principal risque d\u2019attaque motiv\u00e9e par l\u2019extr\u00eame droite \u00e9mane d\u2019auteurs isol\u00e9s partageant les convictions de ces milieux, mais qui ne sont pas membres \u00e0 part enti\u00e8re de groupes extr\u00e9mistes violents \u00e9tablis.<\/p>\n<\/div>\n","protected":false},"excerpt":{"rendered":"<p>La pand\u00e9mie de Covid-19 fournit de nouveaux indices quant \u00e0 la fin d\u2019un ordre mondial fortement marqu\u00e9 par les \u00c9tats-Unis, leur syst\u00e8me d\u2019alliances, et des institutions souvent soumises \u00e0 une profonde influence am\u00e9ricaine<\/p>\n","protected":false},"author":4,"featured_media":396108,"comment_status":"open","ping_status":"open","sticky":false,"template":"","format":"standard","meta":{"footnotes":""},"categories":[1171,22521,24630,24632,24633,24634,1170],"tags":[],"vendi":[],"content_country":[],"class_list":["post-417806","post","type-post","status-publish","format-standard","has-post-thumbnail","hentry","category-thematique","category-coronavirus-minutes-par-minutes","category-nouvelles","category-nouvelles-fr","category-nouvelles-fr-2","category-nouvelles-fr-3","category-vivre-en-suisse"],"acf":[],"_links":{"self":[{"href":"https:\/\/www.albinfo.at\/fr\/wp-json\/wp\/v2\/posts\/417806","targetHints":{"allow":["GET"]}}],"collection":[{"href":"https:\/\/www.albinfo.at\/fr\/wp-json\/wp\/v2\/posts"}],"about":[{"href":"https:\/\/www.albinfo.at\/fr\/wp-json\/wp\/v2\/types\/post"}],"author":[{"embeddable":true,"href":"https:\/\/www.albinfo.at\/fr\/wp-json\/wp\/v2\/users\/4"}],"replies":[{"embeddable":true,"href":"https:\/\/www.albinfo.at\/fr\/wp-json\/wp\/v2\/comments?post=417806"}],"version-history":[{"count":0,"href":"https:\/\/www.albinfo.at\/fr\/wp-json\/wp\/v2\/posts\/417806\/revisions"}],"wp:featuredmedia":[{"embeddable":true,"href":"https:\/\/www.albinfo.at\/fr\/wp-json\/wp\/v2\/media\/396108"}],"wp:attachment":[{"href":"https:\/\/www.albinfo.at\/fr\/wp-json\/wp\/v2\/media?parent=417806"}],"wp:term":[{"taxonomy":"category","embeddable":true,"href":"https:\/\/www.albinfo.at\/fr\/wp-json\/wp\/v2\/categories?post=417806"},{"taxonomy":"post_tag","embeddable":true,"href":"https:\/\/www.albinfo.at\/fr\/wp-json\/wp\/v2\/tags?post=417806"},{"taxonomy":"vendi","embeddable":true,"href":"https:\/\/www.albinfo.at\/fr\/wp-json\/wp\/v2\/vendi?post=417806"},{"taxonomy":"content_country","embeddable":true,"href":"https:\/\/www.albinfo.at\/fr\/wp-json\/wp\/v2\/content_country?post=417806"}],"curies":[{"name":"wp","href":"https:\/\/api.w.org\/{rel}","templated":true}]}}