{"id":417410,"date":"2020-10-26T12:30:36","date_gmt":"2020-10-26T11:30:36","guid":{"rendered":"https:\/\/www.albinfo.ch\/?p=417410"},"modified":"2020-10-26T11:26:48","modified_gmt":"2020-10-26T10:26:48","slug":"lassurance-maladie-continuera-de-prendre-en-charge-les-couts-des-certificats-medicaux","status":"publish","type":"post","link":"https:\/\/www.albinfo.at\/fr\/lassurance-maladie-continuera-de-prendre-en-charge-les-couts-des-certificats-medicaux\/","title":{"rendered":"L\u2019assurance-maladie continuera de prendre en charge les co\u00fbts des certificats m\u00e9dicaux"},"content":{"rendered":"<div class=\"contentHead\"><\/div>\n<div class=\"mod mod-nsbnewsdetails\">\n<p><strong>D\u00e9livrer un certificat m\u00e9dical engendre des co\u00fbts, assum\u00e9s par l\u2019assurance obligatoire des soins (AOS). \u00c0 la suite d\u2019un postulat, le Conseil f\u00e9d\u00e9ral a \u00e9t\u00e9 charg\u00e9 d\u2019examiner des sources de financement alternatives. Dans le rapport adopt\u00e9 lors de sa s\u00e9ance du 21.10.2020, il propose de maintenir la solution actuelle.<\/strong><\/p>\n<p>Les employeurs exigent souvent de leurs salari\u00e9s qu\u2019ils pr\u00e9sentent une attestation m\u00e9dicale apr\u00e8s un ou trois jours d\u2019absence pour cause de maladie. Nombre de ces consultations pourraient \u00eatre \u00e9vit\u00e9es, car certaines maladies comme la grippe ne n\u00e9cessitent pas toujours une visite chez le m\u00e9decin. Les co\u00fbts engendr\u00e9s sont pris en charge par l\u2019assurance obligatoire des soins.<\/p>\n<p>C\u2019est pourquoi le Parlement a charg\u00e9 le Conseil f\u00e9d\u00e9ral (postulat 13.3224 Ruth Humbel) de chiffrer les co\u00fbts li\u00e9s \u00e0 la d\u00e9livrance de certificats m\u00e9dicaux assum\u00e9s par l\u2019assurance obligatoire des soins. Il a \u00e9galement \u00e9tudi\u00e9 la possibilit\u00e9 que ces co\u00fbts soient report\u00e9s sur les partenaires sociaux, dans la mesure o\u00f9 ils concernent la relation de travail.<\/p>\n<p>Dans son rapport, le Conseil f\u00e9d\u00e9ral \u00e9crit que les co\u00fbts li\u00e9s \u00e0 la d\u00e9livrance de certificats m\u00e9dicaux sont difficiles \u00e0 chiffrer. Il n\u2019existe pas d\u2019informations sp\u00e9cifiques sur le nombre de certificats m\u00e9dicaux \u00e9tablis, car l\u2019attestation de l\u2019incapacit\u00e9 de travail fait partie int\u00e9grante de la consultation et n\u2019est pas factur\u00e9e s\u00e9par\u00e9ment.<\/p>\n<p>Le Conseil f\u00e9d\u00e9ral a \u00e9galement \u00e9tudi\u00e9 quelles alternatives seraient possibles pour financer les certificats m\u00e9dicaux. Il ressort d\u2019une enqu\u00eate que les employeurs ne seraient pas pr\u00eats \u00e0 en assumer les co\u00fbts. Si ces co\u00fbts \u00e9taient \u00e0 la charge de l\u2019employ\u00e9, cela pourrait pousser de nombreuses personnes \u00e0 renoncer \u00e0 un traitement m\u00e9dical pour des motifs \u00e9conomiques. La maladie pourrait alors s\u2019aggraver et d\u2019autres collaborateurs pourraient \u00eatre contamin\u00e9s. En fin de compte, le co\u00fbt total pour l\u2019ensemble de la soci\u00e9t\u00e9 serait plus lourd.<\/p>\n<p>La d\u00e9livrance du certificat m\u00e9dical par t\u00e9l\u00e9phone figure aussi parmi les alternatives \u00e9tudi\u00e9es. Elle se pr\u00eate bien aux cas b\u00e9nins et permet de r\u00e9duire les co\u00fbts. Toutefois, ces certificats ont une force probante plus faible et ne suffisent pas \u00e0 prouver la maladie en cas de litige. Les certificats m\u00e9dicaux par t\u00e9l\u00e9phone sont toutefois appel\u00e9s \u00e0 se d\u00e9velopper \u00e0 l\u2019avenir en cas de crise sanitaire. Ils se sont par exemple av\u00e9r\u00e9s utiles lors de la pand\u00e9mie de coronavirus alors que l\u2019acc\u00e8s aux cabinets m\u00e9dicaux \u00e9tait restreint.<\/p>\n<h2>Potentiel d\u2019\u00e9conomie limit\u00e9<\/h2>\n<p>Compte tenu du caract\u00e8re incertain du potentiel d\u2019\u00e9conomie et faute d\u2019alternatives envisageables, le Conseil f\u00e9d\u00e9ral estime que l\u2019assurance obligatoire des soins doit continuer \u00e0 rembourser les attestations m\u00e9dicales.<\/p>\n<p>Pour contribuer \u00e0 la baisse des co\u00fbts g\u00e9n\u00e9r\u00e9s par l\u2019\u00e9tablissement de certificats m\u00e9dicaux, les employeurs peuvent toutefois prolonger la p\u00e9riode d\u2019exemption. Nombre d\u2019entre eux renoncent d\u2019ailleurs d\u00e9j\u00e0 \u00e0 demander des certificats m\u00e9dicaux pour des absences de courte dur\u00e9e. La loi leur laisse une grande marge de man\u0153uvre \u00e0 cet \u00e9gard, car ni le code des obligations ni la loi sur le travail ne pr\u00e9cisent \u00e0 partir de quelle dur\u00e9e un certificat doit \u00eatre pr\u00e9sent\u00e9.<\/p>\n<\/div>\n","protected":false},"excerpt":{"rendered":"<p>Dans le rapport adopt\u00e9 lors de sa s\u00e9ance du 21.10.2020, il propose de maintenir la solution actuelle<\/p>\n","protected":false},"author":4,"featured_media":395919,"comment_status":"open","ping_status":"open","sticky":false,"template":"","format":"standard","meta":{"footnotes":""},"categories":[1171,1170],"tags":[],"vendi":[],"content_country":[],"class_list":["post-417410","post","type-post","status-publish","format-standard","has-post-thumbnail","hentry","category-thematique","category-vivre-en-suisse"],"acf":[],"_links":{"self":[{"href":"https:\/\/www.albinfo.at\/fr\/wp-json\/wp\/v2\/posts\/417410","targetHints":{"allow":["GET"]}}],"collection":[{"href":"https:\/\/www.albinfo.at\/fr\/wp-json\/wp\/v2\/posts"}],"about":[{"href":"https:\/\/www.albinfo.at\/fr\/wp-json\/wp\/v2\/types\/post"}],"author":[{"embeddable":true,"href":"https:\/\/www.albinfo.at\/fr\/wp-json\/wp\/v2\/users\/4"}],"replies":[{"embeddable":true,"href":"https:\/\/www.albinfo.at\/fr\/wp-json\/wp\/v2\/comments?post=417410"}],"version-history":[{"count":0,"href":"https:\/\/www.albinfo.at\/fr\/wp-json\/wp\/v2\/posts\/417410\/revisions"}],"wp:featuredmedia":[{"embeddable":true,"href":"https:\/\/www.albinfo.at\/fr\/wp-json\/wp\/v2\/media\/395919"}],"wp:attachment":[{"href":"https:\/\/www.albinfo.at\/fr\/wp-json\/wp\/v2\/media?parent=417410"}],"wp:term":[{"taxonomy":"category","embeddable":true,"href":"https:\/\/www.albinfo.at\/fr\/wp-json\/wp\/v2\/categories?post=417410"},{"taxonomy":"post_tag","embeddable":true,"href":"https:\/\/www.albinfo.at\/fr\/wp-json\/wp\/v2\/tags?post=417410"},{"taxonomy":"vendi","embeddable":true,"href":"https:\/\/www.albinfo.at\/fr\/wp-json\/wp\/v2\/vendi?post=417410"},{"taxonomy":"content_country","embeddable":true,"href":"https:\/\/www.albinfo.at\/fr\/wp-json\/wp\/v2\/content_country?post=417410"}],"curies":[{"name":"wp","href":"https:\/\/api.w.org\/{rel}","templated":true}]}}