{"id":417406,"date":"2020-10-26T12:00:07","date_gmt":"2020-10-26T11:00:07","guid":{"rendered":"https:\/\/www.albinfo.ch\/?p=417406"},"modified":"2020-10-26T11:21:00","modified_gmt":"2020-10-26T10:21:00","slug":"table-ronde-avec-les-milieux-economiques-contre-un-reconfinement-et-pour-un-respect-strict-des-plans-de-protection","status":"publish","type":"post","link":"https:\/\/www.albinfo.at\/fr\/table-ronde-avec-les-milieux-economiques-contre-un-reconfinement-et-pour-un-respect-strict-des-plans-de-protection\/","title":{"rendered":"Table ronde avec les milieux \u00e9conomiques : contre un reconfinement et pour un respect strict des plans de protection"},"content":{"rendered":"<div class=\"contentHead\"><\/div>\n<div class=\"mod mod-nsbnewsdetails\">\n<p><strong>En 2020, l\u2019\u00e9conomie suisse a connu un effondrement historique en raison de la pand\u00e9mie de coronavirus. Le nombre de cas qui repart \u00e0 la hausse aujourd\u2019hui suscite \u00e0 nouveau de vives inqui\u00e9tudes. Le conseiller f\u00e9d\u00e9ral Guy Parmelin a par cons\u00e9quent invit\u00e9 des repr\u00e9sentants des milieux \u00e9conomiques, des partenaires sociaux et des cantons \u00e0 une deuxi\u00e8me table ronde par conf\u00e9rence t\u00e9l\u00e9phonique. Les participants ont fait un bilan de la situation et discut\u00e9 des prochaines \u00e9tapes \u00e0 suivre du point de vue des acteurs \u00e9conomiques.<\/strong><\/p>\n<p>Dans sa pr\u00e9vision du 12\u00a0octobre, le groupe d\u2019experts de la Conf\u00e9d\u00e9ration table sur une baisse du PIB de 3,8\u00a0% en 2020 dans le sillage de la crise du coronavirus. Ce recul est moins important que redout\u00e9 en juin encore. Gr\u00e2ce, notamment, \u00e0 l\u2019assouplissement relativement pr\u00e9coce et rapide des mesures sanitaires, de larges pans de l\u2019\u00e9conomie ont pu se r\u00e9tablir mieux et plus vite que pr\u00e9vu. N\u00e9anmoins, la plupart des secteurs ont enregistr\u00e9 au premier semestre un effondrement historique de la valeur ajout\u00e9e, et nombre d\u2019entre eux n\u2019ont pas encore retrouv\u00e9 leur niveau d\u2019avant la crise.<\/p>\n<p>La forte recrudescence du nombre de cas suscite l\u2019inqui\u00e9tude chez les repr\u00e9sentants des milieux \u00e9conomiques, des partenaires sociaux et de la Conf\u00e9rence des chefs des d\u00e9partements cantonaux de l\u2019\u00e9conomie publique (CDEP). Sur invitation du conseiller f\u00e9d\u00e9ral Guy Parmelin, ces derniers se sont r\u00e9unis le 22\u00a0octobre 2020 lors d\u2019une table ronde pour analyser la situation actuelle et les d\u00e9fis qui y sont li\u00e9s.<\/p>\n<p>\u00c0 l\u2019issue de la r\u00e9union par conf\u00e9rence t\u00e9l\u00e9phonique, les participants se sont accord\u00e9s sur la n\u00e9cessit\u00e9\u00a0:<\/p>\n<ul>\n<li>d\u2019\u00e9viter \u00e0 tout prix un reconfinement et de recourir, au pr\u00e9alable, \u00e0 toutes les autres mesures possibles\u00a0;<\/li>\n<li>de respecter strictement les plans de protection\u00a0;<\/li>\n<li>de mettre en place au plus vite des solutions de d\u00e9pistage rapide ;<\/li>\n<li>de ne d\u00e9cider d\u2019autres mesures visant \u00e0 restreindre les rassemblements de personnes dans les espaces publics et priv\u00e9s que lorsque la situation l\u2019exigera absolument.<\/li>\n<\/ul>\n<p>Le D\u00e9partement f\u00e9d\u00e9ral de l\u2019\u00e9conomie, de la formation et de la recherche (DEFR) a pris acte des demandes des participants \u00e0 la table ronde. Le nombre \u00e9lev\u00e9 de contaminations est aussi inqui\u00e9tant du point de vue \u00e9conomique. Tout doit \u00eatre mis en \u0153uvre pour reprendre rapidement le contr\u00f4le de la situation sanitaire. Il convient cependant, comme recommand\u00e9 par la task force scientifique, d\u2019\u00e9viter un reconfinement \u00e0 l\u2019\u00e9chelle nationale.<\/p>\n<p>La protection de la population et la protection de l\u2019\u00e9conomie n\u2019entrent pas en contradiction\u00a0; plus vite la propagation du virus pourra \u00eatre endigu\u00e9e, moins l\u2019\u00e9conomie p\u00e2tira. C\u2019est le seul moyen d\u2019\u00e9viter des mesures plus draconiennes et plus co\u00fbteuses. La Conf\u00e9d\u00e9ration, les cantons et l\u2019\u00e9conomie doivent tous tirer \u00e0 la m\u00eame corde et respecter scrupuleusement les r\u00e8gles de base en vue de ma\u00eetriser la pand\u00e9mie, \u00e0 savoir garder les distances, se d\u00e9sinfecter les mains et se conformer aux plans de protection.<\/p>\n<p>La table ronde organis\u00e9e par le conseiller f\u00e9d\u00e9ral Guy Parmelin a r\u00e9uni des repr\u00e9sentants de la CDEP, des partenaires sociaux (Union syndicale suisse, UNIA, Syna, Travail.Suisse, Union patronale suisse, Union suisse des arts et m\u00e9tiers) et des associations \u00e9conomiques (economiesuisse, Swissmem, Swissstaffing, F\u00e9d\u00e9ration suisse du tourisme, F\u00e9d\u00e9ration suisse du voyage, hotelleriesuisse, GastroSuisse, Expo Event, Association suisse des transports routiers, Soci\u00e9t\u00e9 suisse des entrepreneurs).<\/p>\n<\/div>\n","protected":false},"excerpt":{"rendered":"<p>La protection de la population et la protection de l\u2019\u00e9conomie n\u2019entrent pas en contradiction\u00a0; plus vite la propagation du virus pourra \u00eatre endigu\u00e9e, moins l\u2019\u00e9conomie p\u00e2tira<\/p>\n","protected":false},"author":4,"featured_media":382204,"comment_status":"open","ping_status":"open","sticky":false,"template":"","format":"standard","meta":{"footnotes":""},"categories":[1171,1170],"tags":[],"vendi":[],"content_country":[],"class_list":["post-417406","post","type-post","status-publish","format-standard","has-post-thumbnail","hentry","category-thematique","category-vivre-en-suisse"],"acf":[],"_links":{"self":[{"href":"https:\/\/www.albinfo.at\/fr\/wp-json\/wp\/v2\/posts\/417406","targetHints":{"allow":["GET"]}}],"collection":[{"href":"https:\/\/www.albinfo.at\/fr\/wp-json\/wp\/v2\/posts"}],"about":[{"href":"https:\/\/www.albinfo.at\/fr\/wp-json\/wp\/v2\/types\/post"}],"author":[{"embeddable":true,"href":"https:\/\/www.albinfo.at\/fr\/wp-json\/wp\/v2\/users\/4"}],"replies":[{"embeddable":true,"href":"https:\/\/www.albinfo.at\/fr\/wp-json\/wp\/v2\/comments?post=417406"}],"version-history":[{"count":0,"href":"https:\/\/www.albinfo.at\/fr\/wp-json\/wp\/v2\/posts\/417406\/revisions"}],"wp:featuredmedia":[{"embeddable":true,"href":"https:\/\/www.albinfo.at\/fr\/wp-json\/wp\/v2\/media\/382204"}],"wp:attachment":[{"href":"https:\/\/www.albinfo.at\/fr\/wp-json\/wp\/v2\/media?parent=417406"}],"wp:term":[{"taxonomy":"category","embeddable":true,"href":"https:\/\/www.albinfo.at\/fr\/wp-json\/wp\/v2\/categories?post=417406"},{"taxonomy":"post_tag","embeddable":true,"href":"https:\/\/www.albinfo.at\/fr\/wp-json\/wp\/v2\/tags?post=417406"},{"taxonomy":"vendi","embeddable":true,"href":"https:\/\/www.albinfo.at\/fr\/wp-json\/wp\/v2\/vendi?post=417406"},{"taxonomy":"content_country","embeddable":true,"href":"https:\/\/www.albinfo.at\/fr\/wp-json\/wp\/v2\/content_country?post=417406"}],"curies":[{"name":"wp","href":"https:\/\/api.w.org\/{rel}","templated":true}]}}