{"id":417400,"date":"2020-10-26T11:30:12","date_gmt":"2020-10-26T10:30:12","guid":{"rendered":"https:\/\/www.albinfo.ch\/?p=417400"},"modified":"2020-10-28T16:34:42","modified_gmt":"2020-10-28T15:34:42","slug":"asile-statistiques-du-3e-trimestre-2020","status":"publish","type":"post","link":"https:\/\/www.albinfo.at\/fr\/asile-statistiques-du-3e-trimestre-2020\/","title":{"rendered":"Asile : Au troisi\u00e8me trimestre 2020"},"content":{"rendered":"<div class=\"contentHead\">\n<p>De d\u00e9but juillet \u00e0 fin septembre 2020, la Suisse a enregistr\u00e9 3161 demandes d\u2019asile, soit une baisse de 14,3% par rapport \u00e0 la m\u00eame p\u00e9riode de 2019. Sur l\u2019ensemble des neuf premiers mois de l\u2019ann\u00e9e, il y a eu au total 7753 demandes, en recul de 27,7% par rapport \u00e0 la m\u00eame p\u00e9riode de l\u2019ann\u00e9e pass\u00e9e. Pendant le mois de septembre 2020, 1131 demandes ont \u00e9t\u00e9 enregistr\u00e9es, ce qui repr\u00e9sente une augmentation de 16% en comparaison avec le mois pr\u00e9c\u00e9dent, et un recul de 5,5% par rapport \u00e0 septembre 2019.<\/p>\n<\/div>\n<div class=\"mod mod-nsbnewsdetails\">\n<p>Le Secr\u00e9tariat d&#8217;\u00c9tat aux migrations (SEM) a trait\u00e9 pendant le mois de septembre 2020 1411\u00a0demandes d&#8217;asile en premi\u00e8re instance\u00a0: 206 ont abouti \u00e0 une d\u00e9cision de non-entr\u00e9e en mati\u00e8re (dont 151 sur la base de l&#8217;accord de Dublin), 438 \u00e0 l&#8217;octroi de l&#8217;asile et 355 \u00e0 l&#8217;admission provisoire. Le nombre de cas en suspens en premi\u00e8re instance s&#8217;\u00e9l\u00e8ve \u00e0 4433, un chiffre en baisse de 171\u00a0unit\u00e9s par rapport \u00e0 ao\u00fbt 2020.<\/p>\n<p>En septembre, 295\u00a0personnes ont quitt\u00e9 la Suisse sous le contr\u00f4le des autorit\u00e9s ou ont \u00e9t\u00e9 rapatri\u00e9es dans leur pays. La Suisse a demand\u00e9 la prise en charge de 381 requ\u00e9rants \u00e0 d&#8217;autres \u00c9tats Dublin, et 91 ont \u00e9t\u00e9 transf\u00e9r\u00e9s dans l&#8217;\u00c9tat comp\u00e9tent. La Suisse a, quant \u00e0 elle, re\u00e7u 309 demandes de prise en charge \u00e9manant d&#8217;autres \u00c9tats Dublin, et 94 personnes ont \u00e9t\u00e9 transf\u00e9r\u00e9es dans notre pays.<\/p>\n<p>En septembre toujours, les principaux pays de provenance des requ\u00e9rants d&#8217;asile en Suisse ont \u00e9t\u00e9 l&#8217;Afghanistan (222\u00a0demandes; +45 par rapport au mois d&#8217;ao\u00fbt), la Turquie (167\u00a0demandes; +16), l&#8217;\u00c9rythr\u00e9e (142\u00a0demandes; -20), l&#8217;Alg\u00e9rie (123\u00a0demandes; +51) et la Syrie (75 demandes; +1).<\/p>\n<h3>Programme de r\u00e9installation<\/h3>\n<p>Le 29 mai 2019, le Conseil f\u00e9d\u00e9ral a approuv\u00e9 un plan de mise en \u0153uvre du programme de r\u00e9installation, pr\u00e9voyant l&#8217;accueil d&#8217;un maximum de 1600 r\u00e9fugi\u00e9s particuli\u00e8rement vuln\u00e9rables pour la p\u00e9riode 2020\/2021. Suspendues en raison de la crise du COVID-19, les entr\u00e9es relevant de ce contingent ont pu reprendre au mois d&#8217;ao\u00fbt: la Suisse a accueilli 254 personnes au total aux mois d&#8217;ao\u00fbt et septembre.<\/p>\n<\/div>\n","protected":false},"excerpt":{"rendered":"<p>Pendant le mois de septembre 2020, 1131 demandes ont \u00e9t\u00e9 enregistr\u00e9es, ce qui repr\u00e9sente une augmentation de 16% en comparaison avec le mois pr\u00e9c\u00e9dent, et un recul de 5,5% par rapport \u00e0 septembre 2019<\/p>\n","protected":false},"author":4,"featured_media":214936,"comment_status":"open","ping_status":"open","sticky":false,"template":"","format":"standard","meta":{"footnotes":""},"categories":[1171,1170],"tags":[],"vendi":[],"content_country":[],"class_list":["post-417400","post","type-post","status-publish","format-standard","has-post-thumbnail","hentry","category-thematique","category-vivre-en-suisse"],"acf":[],"_links":{"self":[{"href":"https:\/\/www.albinfo.at\/fr\/wp-json\/wp\/v2\/posts\/417400","targetHints":{"allow":["GET"]}}],"collection":[{"href":"https:\/\/www.albinfo.at\/fr\/wp-json\/wp\/v2\/posts"}],"about":[{"href":"https:\/\/www.albinfo.at\/fr\/wp-json\/wp\/v2\/types\/post"}],"author":[{"embeddable":true,"href":"https:\/\/www.albinfo.at\/fr\/wp-json\/wp\/v2\/users\/4"}],"replies":[{"embeddable":true,"href":"https:\/\/www.albinfo.at\/fr\/wp-json\/wp\/v2\/comments?post=417400"}],"version-history":[{"count":0,"href":"https:\/\/www.albinfo.at\/fr\/wp-json\/wp\/v2\/posts\/417400\/revisions"}],"wp:featuredmedia":[{"embeddable":true,"href":"https:\/\/www.albinfo.at\/fr\/wp-json\/wp\/v2\/media\/214936"}],"wp:attachment":[{"href":"https:\/\/www.albinfo.at\/fr\/wp-json\/wp\/v2\/media?parent=417400"}],"wp:term":[{"taxonomy":"category","embeddable":true,"href":"https:\/\/www.albinfo.at\/fr\/wp-json\/wp\/v2\/categories?post=417400"},{"taxonomy":"post_tag","embeddable":true,"href":"https:\/\/www.albinfo.at\/fr\/wp-json\/wp\/v2\/tags?post=417400"},{"taxonomy":"vendi","embeddable":true,"href":"https:\/\/www.albinfo.at\/fr\/wp-json\/wp\/v2\/vendi?post=417400"},{"taxonomy":"content_country","embeddable":true,"href":"https:\/\/www.albinfo.at\/fr\/wp-json\/wp\/v2\/content_country?post=417400"}],"curies":[{"name":"wp","href":"https:\/\/api.w.org\/{rel}","templated":true}]}}