{"id":417397,"date":"2020-10-26T11:09:02","date_gmt":"2020-10-26T10:09:02","guid":{"rendered":"https:\/\/www.albinfo.ch\/?p=417397"},"modified":"2020-10-26T11:09:42","modified_gmt":"2020-10-26T10:09:42","slug":"la-conseillere-federale-viola-amherd-convoque-une-table-ronde-sur-le-sport","status":"publish","type":"post","link":"https:\/\/www.albinfo.at\/fr\/la-conseillere-federale-viola-amherd-convoque-une-table-ronde-sur-le-sport\/","title":{"rendered":"La conseill\u00e8re f\u00e9d\u00e9rale Viola Amherd convoque une table ronde sur le sport"},"content":{"rendered":"<div class=\"contentHead\"><\/div>\n<div class=\"mod mod-nsbnewsdetails\">\n<p><strong>L\u2019\u00e9pid\u00e9mie de COVID-19 frappe durement la Suisse. En raison de la situation actuelle, le sport va probablement conna\u00eetre une nouvelle p\u00e9riode difficile. La conseill\u00e8re f\u00e9d\u00e9rale Viola Amherd, cheffe du DDPS, invite donc les repr\u00e9sentants de Swiss Olympic et les repr\u00e9sentants des sports d\u2019\u00e9quipe \u00e0 une table ronde virtuelle sur le sport le mercredi 28 octobre 2020.<\/strong><\/p>\n<p>Outre la soci\u00e9t\u00e9 et l\u2019\u00e9conomie, l\u2019\u00e9pid\u00e9mie de COVID-19 a \u00e9galement frapp\u00e9 le sport de plein fouet. Apr\u00e8s un premier semestre 2020 d\u00e9j\u00e0 marqu\u00e9 par de nombreuses incertitudes et d\u2019importantes difficult\u00e9s, le sport suisse est de nouveau confront\u00e9 \u00e0 des d\u00e9fis majeurs.<\/p>\n<p>La conseill\u00e8re f\u00e9d\u00e9rale Viola Amherd souhaite donc \u00e9changer des id\u00e9es et points de vue avec les repr\u00e9sentants du sport.<\/p>\n<p>La situation actuelle et les d\u00e9fis auxquels le sport est confront\u00e9 en Suisse seront abord\u00e9s \u00e0 cette occasion, de m\u00eame que les exp\u00e9riences des associations et des ligues sportives avec les mesures d\u2019aide f\u00e9d\u00e9rales (paquet de stabilisation pour le sport populaire et de comp\u00e9tition et pr\u00eats aux ligues professionnelles).<\/p>\n<\/div>\n","protected":false},"excerpt":{"rendered":"<p>a conseill\u00e8re f\u00e9d\u00e9rale Viola Amherd souhaite donc \u00e9changer des id\u00e9es et points de vue avec les repr\u00e9sentants du sport<\/p>\n","protected":false},"author":4,"featured_media":417393,"comment_status":"open","ping_status":"open","sticky":false,"template":"","format":"standard","meta":{"footnotes":""},"categories":[1171,1170],"tags":[],"vendi":[],"content_country":[],"class_list":["post-417397","post","type-post","status-publish","format-standard","has-post-thumbnail","hentry","category-thematique","category-vivre-en-suisse"],"acf":[],"_links":{"self":[{"href":"https:\/\/www.albinfo.at\/fr\/wp-json\/wp\/v2\/posts\/417397","targetHints":{"allow":["GET"]}}],"collection":[{"href":"https:\/\/www.albinfo.at\/fr\/wp-json\/wp\/v2\/posts"}],"about":[{"href":"https:\/\/www.albinfo.at\/fr\/wp-json\/wp\/v2\/types\/post"}],"author":[{"embeddable":true,"href":"https:\/\/www.albinfo.at\/fr\/wp-json\/wp\/v2\/users\/4"}],"replies":[{"embeddable":true,"href":"https:\/\/www.albinfo.at\/fr\/wp-json\/wp\/v2\/comments?post=417397"}],"version-history":[{"count":0,"href":"https:\/\/www.albinfo.at\/fr\/wp-json\/wp\/v2\/posts\/417397\/revisions"}],"wp:featuredmedia":[{"embeddable":true,"href":"https:\/\/www.albinfo.at\/fr\/wp-json\/wp\/v2\/media\/417393"}],"wp:attachment":[{"href":"https:\/\/www.albinfo.at\/fr\/wp-json\/wp\/v2\/media?parent=417397"}],"wp:term":[{"taxonomy":"category","embeddable":true,"href":"https:\/\/www.albinfo.at\/fr\/wp-json\/wp\/v2\/categories?post=417397"},{"taxonomy":"post_tag","embeddable":true,"href":"https:\/\/www.albinfo.at\/fr\/wp-json\/wp\/v2\/tags?post=417397"},{"taxonomy":"vendi","embeddable":true,"href":"https:\/\/www.albinfo.at\/fr\/wp-json\/wp\/v2\/vendi?post=417397"},{"taxonomy":"content_country","embeddable":true,"href":"https:\/\/www.albinfo.at\/fr\/wp-json\/wp\/v2\/content_country?post=417397"}],"curies":[{"name":"wp","href":"https:\/\/api.w.org\/{rel}","templated":true}]}}