{"id":416096,"date":"2020-10-19T23:58:30","date_gmt":"2020-10-19T21:58:30","guid":{"rendered":"https:\/\/www.albinfo.ch\/?p=416096"},"modified":"2020-10-19T23:58:30","modified_gmt":"2020-10-19T21:58:30","slug":"deces-de-lancien-conseiller-federal-rene-felber","status":"publish","type":"post","link":"https:\/\/www.albinfo.at\/fr\/deces-de-lancien-conseiller-federal-rene-felber\/","title":{"rendered":"D\u00e9c\u00e8s de l\u2019ancien conseiller f\u00e9d\u00e9ral Ren\u00e9 Felber"},"content":{"rendered":"<div class=\"contentHead\"><\/div>\n<div class=\"mod mod-nsbnewsdetails\">\n<p><strong>C\u2019est avec tristesse que le Conseil f\u00e9d\u00e9ral a appris le d\u00e9c\u00e8s dimanche de l\u2019ancien conseiller f\u00e9d\u00e9ral Ren\u00e9 Felber, \u00e0 l\u2019\u00e2ge de 87 ans. Ministre des affaires \u00e9trang\u00e8res durant plus de cinq ans, le socialiste s\u2019est inlassablement engag\u00e9 pour une Suisse ouverte. Le Conseil f\u00e9d\u00e9ral et la Chancellerie f\u00e9d\u00e9rale adressent leurs sinc\u00e8res condol\u00e9ances \u00e0 sa famille et \u00e0 ses proches.<\/strong><\/p>\n<p>Ren\u00e9 Felber n&#8217;\u00e9tait pas qu&#8217;un politicien, un enseignant et un expert en politique \u00e9trang\u00e8re. C\u2019est un homme qui a consacr\u00e9 sa vie \u00e0 cr\u00e9er du lien pour d\u00e9passer les fronti\u00e8res.<\/p>\n<p>Pr\u00e9sident de la Ville du Locle durant seize ans, Ren\u00e9 Felber connaissait les r\u00e9alit\u00e9s de la vie \u00e0 la fronti\u00e8re et les probl\u00e8mes qui allaient avec. D\u00e9put\u00e9 au Grand Conseil neuch\u00e2telois et au Conseil national, il a si\u00e9g\u00e9 au Conseil d\u2019Etat neuch\u00e2telois avant de rejoindre le Conseil f\u00e9d\u00e9ral.<\/p>\n<p>A la t\u00eate du D\u00e9partement f\u00e9d\u00e9ral des affaires \u00e9trang\u00e8res de 1988 \u00e0 1993, Ren\u00e9 Felber a notamment d\u00fb r\u00e9agir \u00e0 la chute du mur de Berlin et la fin de l\u2019empire sovi\u00e9tique, la fin de l\u2019apartheid en Afrique du Sud ainsi qu\u2019aux guerres du Golfe et des Balkans. R\u00e9aliste lucide, il se m\u00e9fiait des grands discours, mais sa t\u00e9nacit\u00e9 est \u00e0 l&#8217;origine d\u2019une ouverture \u00e9conomique et politique de la Suisse.<\/p>\n<p>Ren\u00e9 Felber \u00e9tait intimement convaincu que la Suisse devait participer \u00e0 la construction de l\u2019\u00e9difice europ\u00e9en. Premier conseiller f\u00e9d\u00e9ral \u00e0 avoir plaid\u00e9 ouvertement en faveur de l\u2019adh\u00e9sion de la Suisse \u00e0 ce qui \u00e9tait alors la Communaut\u00e9 europ\u00e9enne, Ren\u00e9 Felber s\u2019est fortement engag\u00e9 dans la campagne pour l\u2019adh\u00e9sion de la Suisse \u00e0 l\u2019Espace \u00e9conomique europ\u00e9en. Le refus du peuple le 6 d\u00e9cembre 1992 a \u00e9t\u00e9 un moment particuli\u00e8rement difficile pour lui. Et ce d\u2019autant qu\u2019il \u00e9tait pr\u00e9sident de la Conf\u00e9d\u00e9ration cette ann\u00e9e-l\u00e0.<\/p>\n<p>Comme ministre des affaires \u00e9trang\u00e8res, Ren\u00e9 Felber a sillonn\u00e9 le monde pour renforcer la pr\u00e9sence internationale de la Suisse et a su nouer de pr\u00e9cieux contacts personnels gr\u00e2ce \u00e0 sa personnalit\u00e9 authentique. D\u2019un naturel discret, il avait \u00e9t\u00e9 particuli\u00e8rement \u00e9mu d\u2019accueillir en 1990 le dirigeant sudafricain Nelson Mandela pour son premier voyage \u00e0 l\u2019\u00e9tranger apr\u00e8s sa sortie de prison.<\/p>\n<p>Contraint de se retirer du Conseil f\u00e9d\u00e9ral le 31 mars 1993 pour des raisons de sant\u00e9, Ren\u00e9 Felber n\u2019a pas arr\u00eat\u00e9 la politique pour autant. Il s\u2019est illustr\u00e9 comme premier pr\u00e9sident de l\u2019Assembl\u00e9e interjurassienne (1994-1996) et a rempli divers mandats pour l\u2019ONU, notamment comme rapporteur de la Commission des droits de l\u2019homme pour les territoires occup\u00e9s par Isra\u00ebl (1993-1995).<\/p>\n<p>Le Neuch\u00e2telois a pass\u00e9 la fin de sa vie en Valais.<\/p>\n<\/div>\n","protected":false},"excerpt":{"rendered":"<p>Ren\u00e9 Felber n&#8217;\u00e9tait pas qu&#8217;un politicien, un enseignant et un expert en politique \u00e9trang\u00e8re. C\u2019est un homme qui a consacr\u00e9 sa vie \u00e0 cr\u00e9er du lien pour d\u00e9passer les fronti\u00e8res<\/p>\n","protected":false},"author":4,"featured_media":416098,"comment_status":"open","ping_status":"open","sticky":false,"template":"","format":"standard","meta":{"footnotes":""},"categories":[1171,1170],"tags":[],"vendi":[],"content_country":[],"class_list":["post-416096","post","type-post","status-publish","format-standard","has-post-thumbnail","hentry","category-thematique","category-vivre-en-suisse"],"acf":[],"_links":{"self":[{"href":"https:\/\/www.albinfo.at\/fr\/wp-json\/wp\/v2\/posts\/416096","targetHints":{"allow":["GET"]}}],"collection":[{"href":"https:\/\/www.albinfo.at\/fr\/wp-json\/wp\/v2\/posts"}],"about":[{"href":"https:\/\/www.albinfo.at\/fr\/wp-json\/wp\/v2\/types\/post"}],"author":[{"embeddable":true,"href":"https:\/\/www.albinfo.at\/fr\/wp-json\/wp\/v2\/users\/4"}],"replies":[{"embeddable":true,"href":"https:\/\/www.albinfo.at\/fr\/wp-json\/wp\/v2\/comments?post=416096"}],"version-history":[{"count":0,"href":"https:\/\/www.albinfo.at\/fr\/wp-json\/wp\/v2\/posts\/416096\/revisions"}],"wp:featuredmedia":[{"embeddable":true,"href":"https:\/\/www.albinfo.at\/fr\/wp-json\/wp\/v2\/media\/416098"}],"wp:attachment":[{"href":"https:\/\/www.albinfo.at\/fr\/wp-json\/wp\/v2\/media?parent=416096"}],"wp:term":[{"taxonomy":"category","embeddable":true,"href":"https:\/\/www.albinfo.at\/fr\/wp-json\/wp\/v2\/categories?post=416096"},{"taxonomy":"post_tag","embeddable":true,"href":"https:\/\/www.albinfo.at\/fr\/wp-json\/wp\/v2\/tags?post=416096"},{"taxonomy":"vendi","embeddable":true,"href":"https:\/\/www.albinfo.at\/fr\/wp-json\/wp\/v2\/vendi?post=416096"},{"taxonomy":"content_country","embeddable":true,"href":"https:\/\/www.albinfo.at\/fr\/wp-json\/wp\/v2\/content_country?post=416096"}],"curies":[{"name":"wp","href":"https:\/\/api.w.org\/{rel}","templated":true}]}}