{"id":415253,"date":"2020-10-16T23:52:31","date_gmt":"2020-10-16T21:52:31","guid":{"rendered":"https:\/\/www.albinfo.ch\/?p=415253"},"modified":"2020-10-16T23:52:31","modified_gmt":"2020-10-16T21:52:31","slug":"politique-exterieure-suisse-nouvelle-strategie-pour-le-moyen-orient-et-lafrique-du-nord","status":"publish","type":"post","link":"https:\/\/www.albinfo.at\/fr\/politique-exterieure-suisse-nouvelle-strategie-pour-le-moyen-orient-et-lafrique-du-nord\/","title":{"rendered":"Politique ext\u00e9rieure suisse: nouvelle strat\u00e9gie pour le Moyen-Orient et l\u2019Afrique du Nord"},"content":{"rendered":"<div class=\"contentHead\"><\/div>\n<div class=\"mod mod-nsbnewsdetails\">\n<p><strong>Aujourd\u2019hui, le Conseil f\u00e9d\u00e9ral a adopt\u00e9 pour la premi\u00e8re fois une strat\u00e9gie pour l\u2019ensemble du Moyen-Orient et de l\u2019Afrique du Nord (r\u00e9gion MENA, acronyme anglais de Middle East and North Africa). Cette strat\u00e9gie d\u00e9finit le cadre de toutes les activit\u00e9s de la Suisse dans la r\u00e9gion susmentionn\u00e9e pour les ann\u00e9es 2021 \u00e0 2024. Elle s\u2019inscrit dans la droite ligne de l\u2019engagement de longue date de la Suisse dans le domaine de la pr\u00e9vention des conflits, de l\u2019aide humanitaire et de la coop\u00e9ration au d\u00e9veloppement. Parall\u00e8lement, elle identifie les opportunit\u00e9s pour l\u2019\u00e9conomie suisse, met en \u00e9vidence le potentiel que repr\u00e9sente une jeunesse bien form\u00e9e et mise sur la num\u00e9risation et les nouvelles technologies.<\/strong><\/p>\n<p>La politique ext\u00e9rieure de la Suisse dans la r\u00e9gion MENA sera ax\u00e9e \u00e0 l\u2019avenir sur cinq priorit\u00e9s th\u00e9matiques: paix, s\u00e9curit\u00e9 et droits de l\u2019homme; migration et protection des personnes dans le besoin; d\u00e9veloppement durable; \u00e9conomie, finances et sciences; num\u00e9risation et nouvelles technologies. Pour tenir compte des disparit\u00e9s au sein de la r\u00e9gion MENA, trois zones g\u00e9ographiques ont \u00e9t\u00e9 d\u00e9finies dans la nouvelle strat\u00e9gie: Afrique du Nord; Proche-Orient; p\u00e9ninsule arabique et Iran. Les th\u00e9matiques consid\u00e9r\u00e9es comme prioritaires varient en fonction des r\u00e9gions.<\/p>\n<p>En Afrique du Nord, l\u2019action de la Suisse porte essentiellement sur la bonne gouvernance, le d\u00e9veloppement \u00e9conomique durable ainsi qu\u2019une migration s\u00fbre et ordonn\u00e9e. La Suisse soutient les r\u00e9formes qui visent \u00e0 am\u00e9liorer les perspectives \u00e9conomiques et \u00e0 renforcer la participation politique de la population. Elle entend en outre conclure de nouveaux accords de coop\u00e9ration en mati\u00e8re de migration et soutenir les autorit\u00e9s des pays qui accueillent des migrants.<\/p>\n<p>Au Proche-Orient, la Suisse participe aux efforts visant \u00e0 trouver une solution politique aux conflits syrien et entre Isra\u00ebl et les Palestiniens. Par ailleurs, la Suisse se mobilise en faveur des nouvelles g\u00e9n\u00e9rations en encourageant le d\u00e9veloppement de la formation professionnelle et en favorisant, ce faisant, leur acc\u00e8s au march\u00e9 du travail. Avec Isra\u00ebl, l\u2019un des pays les plus innovants de la plan\u00e8te, la Suisse d\u00e9veloppe des partenariats, notamment dans le domaine des technologies financi\u00e8res et m\u00e9dicales.<\/p>\n<p>Conform\u00e9ment aux mandats de puissance protectrice qu\u2019elle exerce pour le compte des \u00c9tats-Unis en Iran ainsi qu\u2019entre l\u2019Iran et l\u2019Arabie saoudite, la Suisse maintient d\u00e9j\u00e0 un canal de communication entre ces pays. \u00c0 l\u2019avenir, elle souhaite, \u00e0 l\u2019aide d\u2019initiatives concr\u00e8tes, favoriser le dialogue entre l\u2019Iran et les \u00c9tats de la p\u00e9ninsule arabique et renforcer ainsi la s\u00e9curit\u00e9 dans la r\u00e9gion. La coop\u00e9ration \u00e9conomique et financi\u00e8re ainsi que la gestion durable des ressources naturelles comptent parmi les autres domaines d\u2019action importants.<\/p>\n<p><strong>Renforcer la coh\u00e9rence et l\u2019efficacit\u00e9 de la politique ext\u00e9rieure suisse<\/strong><br \/>\nCompte tenu de sa situation aux portes de l\u2019Europe et de son importance sur l\u2019\u00e9chiquier politique international, la r\u00e9gion MENA joue un r\u00f4le cl\u00e9 en ce qui concerne les int\u00e9r\u00eats multiples de la Suisse, raison pour laquelle celle-ci y est active depuis de longues ann\u00e9es. Gr\u00e2ce notamment \u00e0 sa neutralit\u00e9, la Suisse jouit d\u2019une bonne r\u00e9putation dans tous les pays de la r\u00e9gion. La nouvelle strat\u00e9gie vise \u00e0 am\u00e9liorer la coordination des divers instruments dont dispose la Suisse en mati\u00e8res diplomatique, politique et \u00e9conomique et dans le domaine de la politique de d\u00e9veloppement. La strat\u00e9gie MENA a \u00e9t\u00e9 \u00e9labor\u00e9e en \u00e9troite collaboration avec tous les autres d\u00e9partements et en concertation avec des universit\u00e9s, des groupes de r\u00e9flexion ainsi que les pays de la r\u00e9gion MENA.<\/p>\n<p>La strat\u00e9gie MENA 2021-2024 est la premi\u00e8re d\u2019une s\u00e9rie de strat\u00e9gies g\u00e9ographiques que le Conseil f\u00e9d\u00e9ral adoptera dans le sillage de sa strat\u00e9gie de politique ext\u00e9rieure 2020-2023 (SPE 2020-2023). Ainsi, des strat\u00e9gies concernant l\u2019Afrique subsaharienne, la Chine et le continent am\u00e9ricain sont en cours d\u2019\u00e9laboration. Plusieurs strat\u00e9gies th\u00e9matiques sont \u00e9galement pr\u00e9vues. Outre la strat\u00e9gie de coop\u00e9ration internationale 2021-2024 d\u00e9j\u00e0 adopt\u00e9e, des strat\u00e9gies sur la diplomatie num\u00e9rique, sur la communication internationale ainsi que sur la ma\u00eetrise des armements et le d\u00e9sarmement sont en cours de pr\u00e9paration.<\/p>\n<p>Ces sous-strat\u00e9gies permettent au Conseil f\u00e9d\u00e9ral de concr\u00e9tiser certains volets de la SPE 2020-2023 et de renforcer la coh\u00e9rence de sa politique ext\u00e9rieure. Sur le site Internet du DFAE sont d\u00e9sormais regroup\u00e9s dans une m\u00eame rubrique les bases conceptuelles de la politique ext\u00e9rieure ainsi qu\u2019un nouveau glossaire sp\u00e9cifiquement consacr\u00e9 \u00e0 ce domaine.<\/p>\n<\/div>\n","protected":false},"excerpt":{"rendered":"<p>La politique ext\u00e9rieure de la Suisse dans la r\u00e9gion MENA sera ax\u00e9e \u00e0 l\u2019avenir sur cinq priorit\u00e9s th\u00e9matiques: paix, s\u00e9curit\u00e9 et droits de l\u2019homme; migration et protection des personnes dans le besoi<\/p>\n","protected":false},"author":4,"featured_media":356716,"comment_status":"open","ping_status":"open","sticky":false,"template":"","format":"standard","meta":{"footnotes":""},"categories":[1171,1170],"tags":[],"vendi":[],"content_country":[],"class_list":["post-415253","post","type-post","status-publish","format-standard","has-post-thumbnail","hentry","category-thematique","category-vivre-en-suisse"],"acf":[],"_links":{"self":[{"href":"https:\/\/www.albinfo.at\/fr\/wp-json\/wp\/v2\/posts\/415253","targetHints":{"allow":["GET"]}}],"collection":[{"href":"https:\/\/www.albinfo.at\/fr\/wp-json\/wp\/v2\/posts"}],"about":[{"href":"https:\/\/www.albinfo.at\/fr\/wp-json\/wp\/v2\/types\/post"}],"author":[{"embeddable":true,"href":"https:\/\/www.albinfo.at\/fr\/wp-json\/wp\/v2\/users\/4"}],"replies":[{"embeddable":true,"href":"https:\/\/www.albinfo.at\/fr\/wp-json\/wp\/v2\/comments?post=415253"}],"version-history":[{"count":0,"href":"https:\/\/www.albinfo.at\/fr\/wp-json\/wp\/v2\/posts\/415253\/revisions"}],"wp:featuredmedia":[{"embeddable":true,"href":"https:\/\/www.albinfo.at\/fr\/wp-json\/wp\/v2\/media\/356716"}],"wp:attachment":[{"href":"https:\/\/www.albinfo.at\/fr\/wp-json\/wp\/v2\/media?parent=415253"}],"wp:term":[{"taxonomy":"category","embeddable":true,"href":"https:\/\/www.albinfo.at\/fr\/wp-json\/wp\/v2\/categories?post=415253"},{"taxonomy":"post_tag","embeddable":true,"href":"https:\/\/www.albinfo.at\/fr\/wp-json\/wp\/v2\/tags?post=415253"},{"taxonomy":"vendi","embeddable":true,"href":"https:\/\/www.albinfo.at\/fr\/wp-json\/wp\/v2\/vendi?post=415253"},{"taxonomy":"content_country","embeddable":true,"href":"https:\/\/www.albinfo.at\/fr\/wp-json\/wp\/v2\/content_country?post=415253"}],"curies":[{"name":"wp","href":"https:\/\/api.w.org\/{rel}","templated":true}]}}