{"id":414883,"date":"2020-10-14T23:50:34","date_gmt":"2020-10-14T21:50:34","guid":{"rendered":"https:\/\/www.albinfo.ch\/?p=414883"},"modified":"2020-10-14T23:41:22","modified_gmt":"2020-10-14T21:41:22","slug":"possible-contamination-fongique-de-masques-de-protection-rappeles-par-la-confederation-le-rapport-dexperts-se-veut-rassurant","status":"publish","type":"post","link":"https:\/\/www.albinfo.at\/fr\/possible-contamination-fongique-de-masques-de-protection-rappeles-par-la-confederation-le-rapport-dexperts-se-veut-rassurant\/","title":{"rendered":"Possible contamination fongique de masques de protection rappel\u00e9s par la Conf\u00e9d\u00e9ration : le rapport d\u2019experts se veut rassurant"},"content":{"rendered":"<div class=\"contentHead\"><\/div>\n<div class=\"mod mod-nsbnewsdetails\">\n<p><strong>En raison d\u2019une possible contamination par des moisissures, des masques de protection distribu\u00e9s par la Conf\u00e9d\u00e9ration avaient \u00e9t\u00e9 rappel\u00e9s pr\u00e9ventivement. Deux analyse ind\u00e9pendantes ont \u00e9valu\u00e9 comme improbable le risque pour la sant\u00e9 en cas de port des masques de protection concern\u00e9s.<\/strong><\/p>\n<p>Par mesure de pr\u00e9caution, la Conf\u00e9d\u00e9ration a rappel\u00e9 le 9 juillet 2020 trois types de masques de protection que la Pharmacie de l\u2019arm\u00e9e (Pharm A) avait fournis \u00e0 tous les cantons sur mandat de l\u2019Office f\u00e9d\u00e9ral de la sant\u00e9 publique (OFSP) pour distribution ult\u00e9rieure aux services de sant\u00e9 et \u00e0 la protection de la population. Le laboratoire des H\u00f4pitaux Universitaires de Gen\u00e8ve (HUG) avait inform\u00e9 la Conf\u00e9d\u00e9ration qu\u2019une contamination microbiologique par des moisissures avait \u00e9t\u00e9 d\u00e9tect\u00e9e dans des \u00e9chantillons de masques de protection \u2013 dont ceux fournis par la Conf\u00e9d\u00e9ration. \u00c0 titre de mesure imm\u00e9diate, la Conf\u00e9d\u00e9ration avait rappel\u00e9 les lots de masques concern\u00e9s et propos\u00e9 aux cantons et aux autres acqu\u00e9reurs de les remplacer gratuitement par des masques de protection inalt\u00e9r\u00e9s. On trouve partout des moisissures, en particulier durant l\u2019\u00e9t\u00e9 sous forme volatile, comme les pollens. Elles affectionnent particuli\u00e8rement des temp\u00e9ratures comprises entre 20 et 25 degr\u00e9s Celsius et un taux d\u2019humidit\u00e9 de plus de 60 %.<\/p>\n<h2>Analyse ind\u00e9pendante command\u00e9e<\/h2>\n<p>Comme le rapport des HUG ne permettait pas de tirer de conclusions quant \u00e0 l\u2019\u00e9tendue de la contamination par les moisissures (quantification) et aux \u00e9ventuels risques sanitaires, la Conf\u00e9d\u00e9ration a charg\u00e9 l\u2019H\u00f4pital universitaire de B\u00e2le-Ville (USB) d\u2019analyser les masques de protection rappel\u00e9s et ceux nouvellement livr\u00e9s. Sur les conseils de l\u2019USB, un laboratoire environnemental ind\u00e9pendant et certifi\u00e9 a \u00e9galement \u00e9t\u00e9 charg\u00e9 de proc\u00e9der \u00e0 une quantification de la contamination fongique.<\/p>\n<p>Le laboratoire de l\u2019USB et le laboratoire environnemental certifi\u00e9 ont test\u00e9 25 lots de masques au total (de diff\u00e9rents types et d\u2019origines diverses). Le professeur Andreas F. Widmer, chef de la division d\u2019hygi\u00e8ne hospitali\u00e8re de la Clinique d\u2019infectiologie et d\u2019hygi\u00e8ne hospitali\u00e8re de l\u2019USB, \u00e9tait responsable de l\u2019examen final des deux analyses ind\u00e9pendantes.<\/p>\n<h2>Valeurs clairement inf\u00e9rieures aux limites<\/h2>\n<p>Le professeur Andreas F. Widmer est parvenu \u00e0 la conclusion que les deux analyses ind\u00e9pendantes des masques fournis par la Pharmacie de l\u2019arm\u00e9e ne montraient aucun indice d\u2019une erreur syst\u00e9matique en ce qui concerne la contamination par des germes lors de la production, du conditionnement ou du stockage. Des moisissures de diff\u00e9rentes esp\u00e8ces peuvent \u00eatre d\u00e9tect\u00e9es dans 0,65 % des \u00e9chantillons. C\u2019est une valeur qui est attendue pour des \u00e9chantillons environnementaux de produits qui ne doivent pas \u00eatre st\u00e9riles et ne sont pas st\u00e9riles. Les masques de protection disponibles dans le commerce, par exemple, sont marqu\u00e9s comme non st\u00e9riles. Lors du test quantitatif, tous les \u00e9chantillons examin\u00e9s ont pr\u00e9sent\u00e9 des valeurs bien inf\u00e9rieures \u00e0 la limite de la norme europ\u00e9enne et ont donc satisfait au crit\u00e8re de puret\u00e9 microbiologique.<\/p>\n<p>En conclusion, le professeur Andreas F. Widmer a d\u00e9clar\u00e9 que les 0,65 % d\u2019\u00e9chantillons positifs ne permettaient pas de prouver l\u2019existence d\u2019un risque pour la sant\u00e9. Le risque de r\u00e9action allergique due \u00e0 l\u2019inhalation de spores est, selon lui, \u00e9galement extr\u00eamement improbable, car l\u2019exposition \u00e0 l\u2019air que nous respirons pendant la saison chaude sollicite davantage les poumons que l\u2019inhalation \u00e0 travers ces masques.<\/p>\n<h2>\u00c9change des masques de protection<\/h2>\n<p>Le 9 juillet 2020, la Conf\u00e9d\u00e9ration a offert aux cantons et aux autres acqu\u00e9reurs de remplacer les masques de protection retir\u00e9s. Cet \u00e9change a \u00e9t\u00e9 effectu\u00e9 conform\u00e9ment aux prescriptions de swissmedic. La majorit\u00e9 des cantons et des autres acqu\u00e9reurs ont fait usage de cette offre.<\/p>\n<\/div>\n","protected":false},"excerpt":{"rendered":"<p>Des moisissures de diff\u00e9rentes esp\u00e8ces peuvent \u00eatre d\u00e9tect\u00e9es dans 0,65 % des \u00e9chantillons. C\u2019est une valeur qui est attendue pour des \u00e9chantillons environnementaux de produits qui ne doivent pas \u00eatre st\u00e9riles et ne sont pas st\u00e9riles<\/p>\n","protected":false},"author":4,"featured_media":392633,"comment_status":"open","ping_status":"open","sticky":false,"template":"","format":"standard","meta":{"footnotes":""},"categories":[1171,1170],"tags":[],"vendi":[],"content_country":[],"class_list":["post-414883","post","type-post","status-publish","format-standard","has-post-thumbnail","hentry","category-thematique","category-vivre-en-suisse"],"acf":[],"_links":{"self":[{"href":"https:\/\/www.albinfo.at\/fr\/wp-json\/wp\/v2\/posts\/414883","targetHints":{"allow":["GET"]}}],"collection":[{"href":"https:\/\/www.albinfo.at\/fr\/wp-json\/wp\/v2\/posts"}],"about":[{"href":"https:\/\/www.albinfo.at\/fr\/wp-json\/wp\/v2\/types\/post"}],"author":[{"embeddable":true,"href":"https:\/\/www.albinfo.at\/fr\/wp-json\/wp\/v2\/users\/4"}],"replies":[{"embeddable":true,"href":"https:\/\/www.albinfo.at\/fr\/wp-json\/wp\/v2\/comments?post=414883"}],"version-history":[{"count":0,"href":"https:\/\/www.albinfo.at\/fr\/wp-json\/wp\/v2\/posts\/414883\/revisions"}],"wp:featuredmedia":[{"embeddable":true,"href":"https:\/\/www.albinfo.at\/fr\/wp-json\/wp\/v2\/media\/392633"}],"wp:attachment":[{"href":"https:\/\/www.albinfo.at\/fr\/wp-json\/wp\/v2\/media?parent=414883"}],"wp:term":[{"taxonomy":"category","embeddable":true,"href":"https:\/\/www.albinfo.at\/fr\/wp-json\/wp\/v2\/categories?post=414883"},{"taxonomy":"post_tag","embeddable":true,"href":"https:\/\/www.albinfo.at\/fr\/wp-json\/wp\/v2\/tags?post=414883"},{"taxonomy":"vendi","embeddable":true,"href":"https:\/\/www.albinfo.at\/fr\/wp-json\/wp\/v2\/vendi?post=414883"},{"taxonomy":"content_country","embeddable":true,"href":"https:\/\/www.albinfo.at\/fr\/wp-json\/wp\/v2\/content_country?post=414883"}],"curies":[{"name":"wp","href":"https:\/\/api.w.org\/{rel}","templated":true}]}}