{"id":414875,"date":"2020-10-14T23:31:11","date_gmt":"2020-10-14T21:31:11","guid":{"rendered":"https:\/\/www.albinfo.ch\/?p=414875"},"modified":"2020-10-14T23:31:11","modified_gmt":"2020-10-14T21:31:11","slug":"previsions-la-contraction-de-leconomie-en-2020-sera-moins-forte-que-redoute","status":"publish","type":"post","link":"https:\/\/www.albinfo.at\/fr\/previsions-la-contraction-de-leconomie-en-2020-sera-moins-forte-que-redoute\/","title":{"rendered":"Pr\u00e9visions : la contraction de l\u2019\u00e9conomie en 2020 sera moins forte que redout\u00e9"},"content":{"rendered":"<p><strong>Pr\u00e9visions conjoncturelles du Groupe d\u2019experts de la Conf\u00e9d\u00e9ration \u2013 octobre 2020* &#8211; Le Groupe d\u2019experts de la Conf\u00e9d\u00e9ration table pour 2020 sur un recul de 3,8 % du PIB corrig\u00e9 des effets des manifestations sportives et sur un taux de ch\u00f4mage de 3,2 % en moyenne annuelle. Les perspectives pour 2020 sont ainsi moins n\u00e9gatives que celles \u00e9tablies en juin. Par la suite, la dynamique de reprise devrait faiblir.<\/strong><\/p>\n<p>D\u00e8s la fin du mois d\u2019avril, l\u2019\u00e9conomie suisse a enregistr\u00e9 un fort mouvement de reprise d\u00e9clench\u00e9 par l\u2019assouplissement des mesures de sant\u00e9 publique. Au 2e trimestre, tant la consommation que les investissements ont \u00e9t\u00e9 sup\u00e9rieurs aux attentes ; quant au recours au ch\u00f4mage partiel, il a \u00e9t\u00e9 nettement moindre que ce que l\u2019on redoutait en juin. En r\u00e9sum\u00e9, durant le premier semestre 2020, l\u2019\u00e9conomie suisse a \u00e9t\u00e9 moins affect\u00e9e que ce que les pr\u00e9visions de juin ne l\u2019avaient laiss\u00e9 entrevoir.<\/p>\n<p>Le groupe d\u2019experts part du principe que le redressement de l\u2019\u00e9conomie suisse s\u2019est poursuivi au 3e trimestre. Certaines branches, \u00e0 l\u2019instar d\u2019une partie de l\u2019h\u00f4tellerie et de la restauration, ont pu limiter les pertes du fait que la population suisse n\u2019a que tr\u00e8s peu voyag\u00e9 \u00e0 l\u2019\u00e9tranger. Par contre, d\u2019autres pans de l\u2019\u00e9conomie ont connu une reprise moins forte, soit parce qu\u2019ils d\u00e9pendent davantage de la conjoncture internationale (p. ex. une partie de l\u2019industrie manufacturi\u00e8re), soit parce qu\u2019ils ont \u00e9t\u00e9 plus directement affect\u00e9s par la pand\u00e9mie de coronavirus et par les mesures visant \u00e0 la combattre (p. ex. tourisme international et grandes manifestations). Par cons\u00e9quent, la reprise \u00e9conomique demeure limit\u00e9e et la plupart des secteurs n\u2019ont toujours pas renou\u00e9 avec les chiffres de l\u2019an pass\u00e9. En septembre, presque 50 000 personnes de plus qu\u2019un an auparavant \u00e9taient au ch\u00f4mage.<\/p>\n<p>Pour l\u2019ensemble de l\u2019ann\u00e9e 2020, le groupe d\u2019experts s\u2019attend \u00e0 un recul du PIB de 3,8 % (pr\u00e9visions de juin : \u22126,2 %). Ce serait le plus fort recul du PIB depuis 1975. C\u00f4t\u00e9 march\u00e9 du travail, l\u2019emploi devrait \u00e9galement s\u2019inscrire \u00e0 la baisse, de sorte que le taux de ch\u00f4mage atteindra 3,2 % en moyenne annuelle (pr\u00e9visions de juin : 3,8 %).<\/p>\n<p>Par la suite, la reprise \u00e9conomique devrait se poursuivre en Suisse, bien qu\u2019\u00e0 un rythme mod\u00e9r\u00e9. Le groupe d\u2019experts s\u2019attend \u00e0 ce que le PIB corrig\u00e9 des effets des manifestations sportives atteigne 3,8 % en 2021 (pr\u00e9visions de juin : 4,9 %) : l\u2019\u00e9conomie renouerait alors avec son niveau d\u2019avant la crise vers la fin de l\u2019ann\u00e9e 2021, pour autant que ni la Suisse ni ses principaux partenaires commerciaux n\u2019instaurent un nouveau confinement \u00e0 large \u00e9chelle. Si le contexte demeure favorable, les d\u00e9penses de consommation priv\u00e9e et d\u2019investissement devraient conna\u00eetre une reprise graduelle, m\u00eame si elles resteront plomb\u00e9es par les pertes de revenu et par la grande incertitude persistante.<\/p>\n<p>En 2021, la situation \u00e0 l\u2019\u00e9chelle internationale devrait diff\u00e9rer en fonction des r\u00e9gions : si les pays du sud de l\u2019Europe, \u00e0 vocation \u00e9minemment touristique, souffriront particuli\u00e8rement fort de la crise du coronavirus, d\u2019autres pays comme les \u00c9tats-Unis et l\u2019Allemagne devraient conna\u00eetre un redressement plus rapide. D\u2019une mani\u00e8re g\u00e9n\u00e9rale, l\u2019\u00e9conomie mondiale ne renouera que progressivement avec son niveau d\u2019avant la crise, ce qui affectera les secteurs exportateurs suisse sensibles \u00e0 la conjoncture. Le march\u00e9 de l\u2019emploi ne se r\u00e9tablira que lentement : selon les pr\u00e9visions, le taux de ch\u00f4mage passera \u00e0 3,4 % en moyenne annuelle (pr\u00e9visions de juin : 4,1 %) et la croissance de l\u2019emploi sera tr\u00e8s faible.<\/p>\n<p><strong>Risques conjoncturels<\/strong><br \/>\nLes principaux risques conjoncturels demeurent li\u00e9s \u00e0 l\u2019\u00e9volution de la pand\u00e9mie de coronavirus et \u00e0 la mani\u00e8re dont les acteurs \u00e9conomiques et politiques y r\u00e9agiront.<\/p>\n<p>Les incertitudes pourraient avoir moins de r\u00e9percussions n\u00e9gatives sur la consommation et les investissements que ne laissent penser les pr\u00e9visions, voire nettement reculer si des vaccins \u00e9taient mis sur le march\u00e9, par exemple. On pourrait alors tabler sur une reprise conjoncturelle nettement plus rapide.<\/p>\n<p>\u00c0 l\u2019inverse, la reprise pourrait conna\u00eetre un coup d\u2019arr\u00eat en cas de r\u00e9introduction \u00e0 large \u00e9chelle des fermetures d\u2019\u00e9tablissements et de fronti\u00e8res. La probabilit\u00e9 d\u2019effets de second tour tels que la suppression d\u2019emplois et la faillite d\u2019entreprises en grand nombre s\u2019accro\u00eetrait fortement. En outre, une \u00e9volution \u00e9conomique morose aggraverait les risques li\u00e9s \u00e0 l\u2019augmentation de la dette publique et de la dette des entreprises.<\/p>\n<p>Des conflits commerciaux internationaux constituent un autre facteur de risque pour la conjoncture mondiale, qui reste fragile. Cette derni\u00e8re serait frapp\u00e9e d\u2019un poids suppl\u00e9mentaire en cas de Brexit \u00ab dur \u00bb \u2013 sc\u00e9nario dont la probabilit\u00e9 s\u2019est accrue ces derniers temps. Quant aux risques de turbulences sur les march\u00e9s financiers et d\u2019un renforcement de la pression \u00e0 la hausse sur le franc, ils demeurent \u00e9lev\u00e9s.<\/p>\n<p>Enfin, en Suisse, le risque d\u2019une s\u00e9v\u00e8re correction dans le secteur de l\u2019immobilier demeure.<\/p>\n","protected":false},"excerpt":{"rendered":"<p>Le groupe d\u2019experts part du principe que le redressement de l\u2019\u00e9conomie suisse s\u2019est poursuivi au 3e trimestre. Certaines branches, \u00e0 l\u2019instar d\u2019une partie de l\u2019h\u00f4tellerie et de la restauration, ont pu limiter les pertes du fait que la population suisse n\u2019a que tr\u00e8s peu voyag\u00e9 \u00e0 l\u2019\u00e9tranger<\/p>\n","protected":false},"author":4,"featured_media":373826,"comment_status":"open","ping_status":"open","sticky":false,"template":"","format":"standard","meta":{"footnotes":""},"categories":[1171,1170],"tags":[],"vendi":[],"content_country":[],"class_list":["post-414875","post","type-post","status-publish","format-standard","has-post-thumbnail","hentry","category-thematique","category-vivre-en-suisse"],"acf":[],"_links":{"self":[{"href":"https:\/\/www.albinfo.at\/fr\/wp-json\/wp\/v2\/posts\/414875","targetHints":{"allow":["GET"]}}],"collection":[{"href":"https:\/\/www.albinfo.at\/fr\/wp-json\/wp\/v2\/posts"}],"about":[{"href":"https:\/\/www.albinfo.at\/fr\/wp-json\/wp\/v2\/types\/post"}],"author":[{"embeddable":true,"href":"https:\/\/www.albinfo.at\/fr\/wp-json\/wp\/v2\/users\/4"}],"replies":[{"embeddable":true,"href":"https:\/\/www.albinfo.at\/fr\/wp-json\/wp\/v2\/comments?post=414875"}],"version-history":[{"count":0,"href":"https:\/\/www.albinfo.at\/fr\/wp-json\/wp\/v2\/posts\/414875\/revisions"}],"wp:featuredmedia":[{"embeddable":true,"href":"https:\/\/www.albinfo.at\/fr\/wp-json\/wp\/v2\/media\/373826"}],"wp:attachment":[{"href":"https:\/\/www.albinfo.at\/fr\/wp-json\/wp\/v2\/media?parent=414875"}],"wp:term":[{"taxonomy":"category","embeddable":true,"href":"https:\/\/www.albinfo.at\/fr\/wp-json\/wp\/v2\/categories?post=414875"},{"taxonomy":"post_tag","embeddable":true,"href":"https:\/\/www.albinfo.at\/fr\/wp-json\/wp\/v2\/tags?post=414875"},{"taxonomy":"vendi","embeddable":true,"href":"https:\/\/www.albinfo.at\/fr\/wp-json\/wp\/v2\/vendi?post=414875"},{"taxonomy":"content_country","embeddable":true,"href":"https:\/\/www.albinfo.at\/fr\/wp-json\/wp\/v2\/content_country?post=414875"}],"curies":[{"name":"wp","href":"https:\/\/api.w.org\/{rel}","templated":true}]}}