{"id":414025,"date":"2020-10-11T14:20:57","date_gmt":"2020-10-11T12:20:57","guid":{"rendered":"https:\/\/www.albinfo.ch\/?p=414025"},"modified":"2020-10-11T14:00:56","modified_gmt":"2020-10-11T12:00:56","slug":"programmes-dintegration-cantonaux-phase-intermediaire-de-deux-ans","status":"publish","type":"post","link":"https:\/\/www.albinfo.at\/fr\/programmes-dintegration-cantonaux-phase-intermediaire-de-deux-ans\/","title":{"rendered":"Programmes d\u2019int\u00e9gration cantonaux : phase interm\u00e9diaire de deux ans"},"content":{"rendered":"<div class=\"contentHead\"><\/div>\n<div class=\"mod mod-nsbnewsdetails\">\n<p><strong>Depuis 2014, la Conf\u00e9d\u00e9ration et les cantons appliquent des mesures d\u2019encouragement de l\u2019int\u00e9gration au travers des programmes d\u2019int\u00e9gration cantonaux (PIC), programmes qu\u2019ils financent conjointement. En 2022, une phase interm\u00e9diaire de deux ans doit commencer, qui permettra d\u2019int\u00e9grer dans les futurs PIC les enseignements tir\u00e9s de la mise en \u0153uvre de l\u2019Agenda Int\u00e9gration Suisse (AIS) et des programmes pilotes de la Conf\u00e9d\u00e9ration. Aussi le Conseil f\u00e9d\u00e9ral a-t-il d\u00e9cid\u00e9, lors de sa s\u00e9ance du 7 octobre 2020, de demander au Parlement d\u2019approuver un nouveau cr\u00e9dit d\u2019engagement pour les PIC de 2022 et 2023.<\/strong><\/p>\n<p>En automne 2019, le D\u00e9partement f\u00e9d\u00e9ral de justice et police et la Conf\u00e9rence des gouvernements cantonaux ont convenu de r\u00e9duire \u00e0 titre exceptionnel la prochaine phase des PIC de quatre \u00e0 deux ans. Cette phase interm\u00e9diaire de deux ans permettra d&#8217;int\u00e9grer plus rapidement dans les PIC les enseignements et les r\u00e9sultats qui se d\u00e9gagent de la mise en \u0153uvre de l&#8217;AIS et des mesures d&#8217;accompagnement prises par le Secr\u00e9tariat d&#8217;\u00c9tat aux migrations pour promouvoir le potentiel de la main-d&#8217;\u0153uvre pr\u00e9sente en Suisse. Font partie des mesures d&#8217;accompagnement les programmes pilotes &#8220;Pr\u00e9apprentissage d&#8217;int\u00e9gration&#8221; et &#8220;Aides financi\u00e8res&#8221;\u00a0; ces aides sont accord\u00e9es aux employeurs qui engagent, aux conditions de travail ordinaires, des r\u00e9fugi\u00e9s ayant besoin d&#8217;une initiation sp\u00e9ciale. En 2024, une nouvelle phase de quatre ans reprendra, comme avant. Le cr\u00e9dit destin\u00e9 \u00e0 l&#8217;encouragement de l&#8217;int\u00e9gration est plafonn\u00e9 et les contributions sont vers\u00e9es sous r\u00e9serve d&#8217;un cofinancement par les cantons.<\/p>\n<p>Lors de sa s\u00e9ance du 7 octobre 2020, le Conseil f\u00e9d\u00e9ral a d\u00e9cid\u00e9 de demander au Parlement de renouveler, pour 2022 et 2023, le cr\u00e9dit d&#8217;engagement allou\u00e9 \u00e0 l&#8217;encouragement de l&#8217;int\u00e9gration, dont le montant reste fix\u00e9 \u00e0 124 millions de francs.<\/p>\n<h3>Donner un nouveau cap \u00e0 l&#8217;encouragement de l&#8217;int\u00e9gration<\/h3>\n<p>Par ailleurs, la Conf\u00e9d\u00e9ration soutient les PIC en octroyant des forfaits d&#8217;int\u00e9gration uniques, qui ont \u00e9t\u00e9 augment\u00e9s le 1er mai 2019 et s&#8217;\u00e9l\u00e8vent d\u00e9sormais \u00e0 18 000 francs par r\u00e9fugi\u00e9. L&#8217;AIS a donn\u00e9 un nouveau cap \u00e0 l&#8217;encouragement de l&#8217;int\u00e9gration des personnes relevant du domaine de l&#8217;asile et renforc\u00e9 les mesures dans ce domaine. Il a notamment pour but que deux tiers des jeunes r\u00e9fugi\u00e9s reconnus ou admis \u00e0 titre provisoire aient entam\u00e9 une formation professionnelle dans les cinq ans qui suivent leur arriv\u00e9e en Suisse.<\/p>\n<\/div>\n","protected":false},"excerpt":{"rendered":"<p>En automne 2019, le D\u00e9partement f\u00e9d\u00e9ral de justice et police et la Conf\u00e9rence des gouvernements cantonaux ont convenu de r\u00e9duire \u00e0 titre exceptionnel la prochaine phase des PIC de quatre \u00e0 deux ans<\/p>\n","protected":false},"author":4,"featured_media":327806,"comment_status":"open","ping_status":"open","sticky":false,"template":"","format":"standard","meta":{"footnotes":""},"categories":[1171,1170],"tags":[],"vendi":[],"content_country":[],"class_list":["post-414025","post","type-post","status-publish","format-standard","has-post-thumbnail","hentry","category-thematique","category-vivre-en-suisse"],"acf":[],"_links":{"self":[{"href":"https:\/\/www.albinfo.at\/fr\/wp-json\/wp\/v2\/posts\/414025","targetHints":{"allow":["GET"]}}],"collection":[{"href":"https:\/\/www.albinfo.at\/fr\/wp-json\/wp\/v2\/posts"}],"about":[{"href":"https:\/\/www.albinfo.at\/fr\/wp-json\/wp\/v2\/types\/post"}],"author":[{"embeddable":true,"href":"https:\/\/www.albinfo.at\/fr\/wp-json\/wp\/v2\/users\/4"}],"replies":[{"embeddable":true,"href":"https:\/\/www.albinfo.at\/fr\/wp-json\/wp\/v2\/comments?post=414025"}],"version-history":[{"count":0,"href":"https:\/\/www.albinfo.at\/fr\/wp-json\/wp\/v2\/posts\/414025\/revisions"}],"wp:featuredmedia":[{"embeddable":true,"href":"https:\/\/www.albinfo.at\/fr\/wp-json\/wp\/v2\/media\/327806"}],"wp:attachment":[{"href":"https:\/\/www.albinfo.at\/fr\/wp-json\/wp\/v2\/media?parent=414025"}],"wp:term":[{"taxonomy":"category","embeddable":true,"href":"https:\/\/www.albinfo.at\/fr\/wp-json\/wp\/v2\/categories?post=414025"},{"taxonomy":"post_tag","embeddable":true,"href":"https:\/\/www.albinfo.at\/fr\/wp-json\/wp\/v2\/tags?post=414025"},{"taxonomy":"vendi","embeddable":true,"href":"https:\/\/www.albinfo.at\/fr\/wp-json\/wp\/v2\/vendi?post=414025"},{"taxonomy":"content_country","embeddable":true,"href":"https:\/\/www.albinfo.at\/fr\/wp-json\/wp\/v2\/content_country?post=414025"}],"curies":[{"name":"wp","href":"https:\/\/api.w.org\/{rel}","templated":true}]}}