{"id":414017,"date":"2020-10-11T13:56:41","date_gmt":"2020-10-11T11:56:41","guid":{"rendered":"https:\/\/www.albinfo.ch\/?p=414017"},"modified":"2020-10-11T13:56:41","modified_gmt":"2020-10-11T11:56:41","slug":"discussions-sur-le-nouveau-paquet-europeen-sur-la-migration-et-lasile","status":"publish","type":"post","link":"https:\/\/www.albinfo.at\/fr\/discussions-sur-le-nouveau-paquet-europeen-sur-la-migration-et-lasile\/","title":{"rendered":"Discussions sur le nouveau paquet europ\u00e9en sur la migration et l\u2019asile"},"content":{"rendered":"<div class=\"contentHead\"><\/div>\n<div class=\"mod mod-nsbnewsdetails\">\n<p><strong>La conseill\u00e8re f\u00e9d\u00e9rale Karin Keller-Sutter s\u2019est entretenue par vid\u00e9oconf\u00e9rence, ce 8 octobre 2020, avec ses homologues europ\u00e9ens dans le cadre du Conseil Justice et affaires int\u00e9rieures (JAI) de l\u2019UE. Les discussions ont port\u00e9 principalement sur la proposition d\u2019un nouveau paquet sur la migration et l\u2019asile. Cette proposition r\u00e9pond \u00e0 certaines demandes de la Suisse, qui s\u2019engage depuis plusieurs ann\u00e9es pour un syst\u00e8me europ\u00e9en de l\u2019asile solidaire et \u00e0 l\u2019\u00e9preuve des crises. La r\u00e9union du Conseil JAI a aussi \u00e9t\u00e9 l\u2019occasion d\u2019aborder la collaboration en mati\u00e8re de politique migratoire avec des \u00c9tats non membres de l\u2019UE.<\/strong><\/p>\n<p>Lors de la vid\u00e9oconf\u00e9rence, la Commission europ\u00e9enne a d\u2019abord expos\u00e9 sa proposition pour un nouveau paquet sur la migration et l\u2019asile. Pr\u00e9sent\u00e9 le 23\u00a0septembre 2020, ce paquet contient en particulier cinq propositions pour des adaptations l\u00e9gislatives qui placeront le syst\u00e8me europ\u00e9en de l\u2019asile et d\u2019autres domaines de la politique migratoire europ\u00e9enne sur des bases nouvelles. Lors de la discussion qui a suivi, les ministres se sont pench\u00e9s sur la suite de la proc\u00e9dure pour l\u2019examen de cette proposition d\u2019un nouveau paquet sur l\u2019asile et la migration. Il est apparu que l\u2019ampleur de la proposition, sa complexit\u00e9 et sa grande port\u00e9e politique n\u00e9cessitaient de proc\u00e9der avec minutie et par \u00e9tapes.<\/p>\n<h3>Une chance pour la politique migratoire europ\u00e9enne<\/h3>\n<p>La conseill\u00e8re f\u00e9d\u00e9rale Karin Keller-Sutter a d\u00e9clar\u00e9 que la Suisse \u00e9tait pr\u00eate \u00e0 jouer un r\u00f4le constructif et \u00e0 soutenir l\u2019effort. \u00ab\u00a0La Suisse salue en particulier l\u2019approche globale du nouveau paquet pour relever les d\u00e9fis dans le domaine migratoire\u00a0\u00bb, a-t-elle dit lors de la vid\u00e9oconf\u00e9rence. La mise en \u0153uvre de proc\u00e9dures \u00e9quitables pour traiter rapidement les demandes d\u2019asile sur place est particuli\u00e8rement importante, de m\u00eame que le renforcement de la protection aux fronti\u00e8res ext\u00e9rieures a-t-elle ajout\u00e9, soulignant \u00e9galement l\u2019\u00e9l\u00e9ment essentiel que constitue par ailleurs une politique commune, et des proc\u00e9dures communes, en mati\u00e8re de retours.<\/p>\n<p>La Suisse examine maintenant les propositions pour des adaptations l\u00e9gislatives, notamment pour analyser quels aspects entrent dans le champ d\u2019application des accords d\u2019association \u00e0 Schengen et \u00e0 Dublin.<\/p>\n<h3>Renforcer la coordination dans les Balkans occidentaux<\/h3>\n<p>Les ministres ont par ailleurs re\u00e7u des informations concernant deux initiatives de collaboration en mati\u00e8re de politique migratoire avec des \u00c9tats de provenance et de transit des requ\u00e9rants d\u2019asile. Ces initiatives, concernant pour l\u2019une, la r\u00e9gion de l\u2019Afrique du Nord et pour l\u2019autre, les Balkans occidentaux, pr\u00e9voient un renforcement de la coop\u00e9ration dans la politique migratoire. Une plateforme de coordination est ainsi pr\u00e9vue pour les Balkans occidentaux, dont le but est d\u2019endiguer les migrations irr\u00e9guli\u00e8res et de renforcer les liens de l\u2019UE avec les pays concern\u00e9s. La Suisse salue express\u00e9ment les efforts communs visant \u00e0 s\u00e9curiser les fronti\u00e8res ext\u00e9rieures, \u00e0 lutter contre le trafic de migrants et \u00e0 d\u00e9velopper une approche commune concernant les retours. Elle est pr\u00eate \u00e0 y participer et \u00e0 fournir une contribution active.<\/p>\n<h3>Rencontres r\u00e9guli\u00e8res des ministres de la justice et des affaires int\u00e9rieures<\/h3>\n<p>Les ministres de la justice et des affaires int\u00e9rieures des 27\u00a0\u00c9tats membres de l\u2019UE se rencontrent en g\u00e9n\u00e9ral tous les deux \u00e0 trois mois. La cheffe du D\u00e9partement f\u00e9d\u00e9ral de justice et police repr\u00e9sente la Suisse et prend part \u00e0 ces rencontres avec les autres \u00c9tats associ\u00e9s \u00e0 Schengen et \u00e0 Dublin. La rencontre du 8\u00a0octobre 2020 est la deuxi\u00e8me du Conseil JAI sous la pr\u00e9sidence allemande. En raison de la pand\u00e9mie, elle n\u2019a pu se tenir en pr\u00e9sentiel.<\/p>\n<\/div>\n","protected":false},"excerpt":{"rendered":"<p>La conseill\u00e8re f\u00e9d\u00e9rale Karin Keller-Sutter a d\u00e9clar\u00e9 que la Suisse \u00e9tait pr\u00eate \u00e0 jouer un r\u00f4le constructif et \u00e0 soutenir l\u2019effort<\/p>\n","protected":false},"author":4,"featured_media":347347,"comment_status":"open","ping_status":"open","sticky":false,"template":"","format":"standard","meta":{"footnotes":""},"categories":[1171,1170],"tags":[],"vendi":[],"content_country":[],"class_list":["post-414017","post","type-post","status-publish","format-standard","has-post-thumbnail","hentry","category-thematique","category-vivre-en-suisse"],"acf":[],"_links":{"self":[{"href":"https:\/\/www.albinfo.at\/fr\/wp-json\/wp\/v2\/posts\/414017","targetHints":{"allow":["GET"]}}],"collection":[{"href":"https:\/\/www.albinfo.at\/fr\/wp-json\/wp\/v2\/posts"}],"about":[{"href":"https:\/\/www.albinfo.at\/fr\/wp-json\/wp\/v2\/types\/post"}],"author":[{"embeddable":true,"href":"https:\/\/www.albinfo.at\/fr\/wp-json\/wp\/v2\/users\/4"}],"replies":[{"embeddable":true,"href":"https:\/\/www.albinfo.at\/fr\/wp-json\/wp\/v2\/comments?post=414017"}],"version-history":[{"count":0,"href":"https:\/\/www.albinfo.at\/fr\/wp-json\/wp\/v2\/posts\/414017\/revisions"}],"wp:featuredmedia":[{"embeddable":true,"href":"https:\/\/www.albinfo.at\/fr\/wp-json\/wp\/v2\/media\/347347"}],"wp:attachment":[{"href":"https:\/\/www.albinfo.at\/fr\/wp-json\/wp\/v2\/media?parent=414017"}],"wp:term":[{"taxonomy":"category","embeddable":true,"href":"https:\/\/www.albinfo.at\/fr\/wp-json\/wp\/v2\/categories?post=414017"},{"taxonomy":"post_tag","embeddable":true,"href":"https:\/\/www.albinfo.at\/fr\/wp-json\/wp\/v2\/tags?post=414017"},{"taxonomy":"vendi","embeddable":true,"href":"https:\/\/www.albinfo.at\/fr\/wp-json\/wp\/v2\/vendi?post=414017"},{"taxonomy":"content_country","embeddable":true,"href":"https:\/\/www.albinfo.at\/fr\/wp-json\/wp\/v2\/content_country?post=414017"}],"curies":[{"name":"wp","href":"https:\/\/api.w.org\/{rel}","templated":true}]}}