{"id":411898,"date":"2020-10-02T16:40:44","date_gmt":"2020-10-02T14:40:44","guid":{"rendered":"https:\/\/www.albinfo.ch\/?p=411898"},"modified":"2020-10-02T16:06:33","modified_gmt":"2020-10-02T14:06:33","slug":"les-addictions-generent-chaque-annee-77-milliards-de-francs-de-couts-sociaux","status":"publish","type":"post","link":"https:\/\/www.albinfo.at\/fr\/les-addictions-generent-chaque-annee-77-milliards-de-francs-de-couts-sociaux\/","title":{"rendered":"Les addictions g\u00e9n\u00e8rent chaque ann\u00e9e 7,7 milliards de francs de co\u00fbts sociaux"},"content":{"rendered":"<div class=\"contentHead\"><\/div>\n<div class=\"mod mod-nsbnewsdetails\">\n<p><strong>Les addictions ne pr\u00e9sentent pas seulement des risques majeurs pour la sant\u00e9. Elles co\u00fbtent \u00e9galement \u00e9norm\u00e9ment d\u2019argent \u00e0 la soci\u00e9t\u00e9. Une nouvelle \u00e9tude command\u00e9e par l\u2019Office f\u00e9d\u00e9ral de la sant\u00e9 publique (OFSP) \u00e9value leurs co\u00fbts \u00e9conomiques \u00e0 7,7 milliards de francs par an. La strat\u00e9gie nationale Addictions de la Conf\u00e9d\u00e9ration vise \u00e0 pr\u00e9venir les addictions et \u00e0 soutenir les personnes \u00e0 risque d\u2019addiction, ce qui a aussi pour effet de r\u00e9duire les co\u00fbts en question.<\/strong><\/p>\n<p>En Suisse, un d\u00e9c\u00e8s sur sept est li\u00e9 au tabagisme et la moiti\u00e9 des infractions sont induites par l\u2019alcool. Au-del\u00e0 de la souffrance endur\u00e9e par les personnes concern\u00e9es, les co\u00fbts pour la soci\u00e9t\u00e9 sont \u00e9lev\u00e9s. L\u2019\u00e9tude \u00ab Co\u00fbts sociaux des addictions \u00bb parvient \u00e0 un chiffre global de 7,7 milliards de francs par an, tout en se basant sur un calcul prudent. Avec 3,9 milliards de francs, le tabac ressort de loin comme \u00e9tant le facteur de co\u00fbts le plus important. L\u2019alcool vient en deuxi\u00e8me position avec environ 2,8 milliards. Le reste se r\u00e9partit entre les drogues illicites (0,9 milliard de francs) et l\u2019addiction aux jeux d\u2019argent (61 millions de francs). Les co\u00fbts des autres addictions comportementales n\u2019ont pas \u00e9t\u00e9 calcul\u00e9s.<\/p>\n<h2>La composition des co\u00fbts varie<\/h2>\n<p>Les co\u00fbts des addictions peuvent r\u00e9sulter de divers facteurs : d\u2019une part, des d\u00e9penses de sant\u00e9 engag\u00e9es, que ce soit pour les prestations m\u00e9dicales ou pour les m\u00e9dicaments et les hospitalisations ; d\u2019autre part, des frais entra\u00een\u00e9s par la poursuite des infractions li\u00e9es aux addictions ; et enfin, des pertes de ressources pr\u00e9cieuses subies par le march\u00e9 du travail du fait des absences pour cause de maladie, des baisses de performance ou des d\u00e9c\u00e8s pr\u00e9matur\u00e9s. La composition des co\u00fbts induits varie en fonction des substances. Dans le cas du tabac, ce sont les d\u00e9penses de sant\u00e9 qui, avec une part d\u2019environ 80 %, p\u00e8sent le plus lourd. Le tabagisme est en effet \u00e0 l\u2019origine de nombreuses maladies non transmissibles, notamment de cancers du poumon, d\u2019autres types de cancer et d\u2019affections respiratoires. Pour l\u2019alcool, par contre, les co\u00fbts sont constitu\u00e9s \u00e0 75 % de pertes de productivit\u00e9.<\/p>\n<p>Les co\u00fbts li\u00e9s \u00e0 tous ces facteurs sont support\u00e9s par la collectivit\u00e9 et repr\u00e9sentent plus de 1 % du produit int\u00e9rieur brut. Ils s\u2019\u00e9l\u00e8vent \u00e0 900 francs par an et par habitant. Une grosse partie, \u00e0 savoir 4,8 milliards de francs environ, est financ\u00e9e par l\u2019\u00c9tat et les assurances sociales. Les 2,9 milliards de francs restants sont \u00e0 la charge des entreprises.<\/p>\n<h2>La strat\u00e9gie nationale Addictions r\u00e9duit les co\u00fbts induits<\/h2>\n<p>L\u2019importance des co\u00fbts des addictions, qui se chiffrent en milliards, montre qu\u2019il reste encore beaucoup \u00e0 faire en mati\u00e8re de pr\u00e9vention. Pour r\u00e9duire le nombre de personnes souffrant d\u2019addiction, la Conf\u00e9d\u00e9ration a \u00e9labor\u00e9 la strat\u00e9gie nationale Addictions. Cette strat\u00e9gie pr\u00e9sente des liens avec la strat\u00e9gie nationale Pr\u00e9vention des maladies non transmissibles (strat\u00e9gie MNT). Toutes deux apportent une contribution significative \u00e0 la r\u00e9duction des co\u00fbts directement et indirectement induits par les addictions gr\u00e2ce au rep\u00e9rage pr\u00e9coce, \u00e0 la pr\u00e9vention ainsi qu\u2019\u00e0 des mesures ax\u00e9es sur la prise en charge et la th\u00e9rapie. Les personnes concern\u00e9es peuvent \u00eatre soutenues de mani\u00e8re pr\u00e9coce au moyen d\u2019un r\u00e9seau efficace de prestations d\u2019aide psychosociale et m\u00e9dicale sp\u00e9cifique. Les mesures d\u00e9ploy\u00e9es permettent \u00e9galement de d\u00e9velopper la pr\u00e9vention aupr\u00e8s des enfants et des adolescents et d\u2019am\u00e9liorer la mise en r\u00e9seau des diff\u00e9rents fournisseurs de prestations. De plus, elles encouragent l\u2019insertion professionnelle. De nombreuses personnes touch\u00e9es peuvent ainsi rester actives, ce qui a un effet positif sur leur qualit\u00e9 de vie.<\/p>\n<\/div>\n","protected":false},"excerpt":{"rendered":"<p>La strat\u00e9gie nationale Addictions de la Conf\u00e9d\u00e9ration vise \u00e0 pr\u00e9venir les addictions et \u00e0 soutenir les personnes \u00e0 risque d\u2019addiction, ce qui a aussi pour effet de r\u00e9duire les co\u00fbts en question<\/p>\n","protected":false},"author":4,"featured_media":356421,"comment_status":"open","ping_status":"open","sticky":false,"template":"","format":"standard","meta":{"footnotes":""},"categories":[1171,1170],"tags":[],"vendi":[],"content_country":[],"class_list":["post-411898","post","type-post","status-publish","format-standard","has-post-thumbnail","hentry","category-thematique","category-vivre-en-suisse"],"acf":[],"_links":{"self":[{"href":"https:\/\/www.albinfo.at\/fr\/wp-json\/wp\/v2\/posts\/411898","targetHints":{"allow":["GET"]}}],"collection":[{"href":"https:\/\/www.albinfo.at\/fr\/wp-json\/wp\/v2\/posts"}],"about":[{"href":"https:\/\/www.albinfo.at\/fr\/wp-json\/wp\/v2\/types\/post"}],"author":[{"embeddable":true,"href":"https:\/\/www.albinfo.at\/fr\/wp-json\/wp\/v2\/users\/4"}],"replies":[{"embeddable":true,"href":"https:\/\/www.albinfo.at\/fr\/wp-json\/wp\/v2\/comments?post=411898"}],"version-history":[{"count":0,"href":"https:\/\/www.albinfo.at\/fr\/wp-json\/wp\/v2\/posts\/411898\/revisions"}],"wp:featuredmedia":[{"embeddable":true,"href":"https:\/\/www.albinfo.at\/fr\/wp-json\/wp\/v2\/media\/356421"}],"wp:attachment":[{"href":"https:\/\/www.albinfo.at\/fr\/wp-json\/wp\/v2\/media?parent=411898"}],"wp:term":[{"taxonomy":"category","embeddable":true,"href":"https:\/\/www.albinfo.at\/fr\/wp-json\/wp\/v2\/categories?post=411898"},{"taxonomy":"post_tag","embeddable":true,"href":"https:\/\/www.albinfo.at\/fr\/wp-json\/wp\/v2\/tags?post=411898"},{"taxonomy":"vendi","embeddable":true,"href":"https:\/\/www.albinfo.at\/fr\/wp-json\/wp\/v2\/vendi?post=411898"},{"taxonomy":"content_country","embeddable":true,"href":"https:\/\/www.albinfo.at\/fr\/wp-json\/wp\/v2\/content_country?post=411898"}],"curies":[{"name":"wp","href":"https:\/\/api.w.org\/{rel}","templated":true}]}}