{"id":411893,"date":"2020-10-02T16:15:04","date_gmt":"2020-10-02T14:15:04","guid":{"rendered":"https:\/\/www.albinfo.ch\/?p=411893"},"modified":"2020-10-02T16:00:50","modified_gmt":"2020-10-02T14:00:50","slug":"les-medias-sociaux-gagnent-en-importance-dans-la-formation-de-lopinion","status":"publish","type":"post","link":"https:\/\/www.albinfo.at\/fr\/les-medias-sociaux-gagnent-en-importance-dans-la-formation-de-lopinion\/","title":{"rendered":"Les m\u00e9dias sociaux gagnent en importance dans la formation de l&#8217;opinion"},"content":{"rendered":"<div class=\"contentHead\"><\/div>\n<div class=\"mod mod-nsbnewsdetails\">\n<p>Les m\u00e9dias sociaux p\u00e8sent de plus en plus dans la formation de l&#8217;opinion des jeunes suisses. Avec une part de 34%, ils exercent la plus grande influence sur la formation de l&#8217;opinion chez les jeunes entre 15 et 29 ans, devant la radio (21%), les m\u00e9dias d&#8217;information en ligne (18%), la presse \u00e9crite (16%) et la t\u00e9l\u00e9vision (11%). Cette tendance est encore plus marqu\u00e9e en Suisse romande, o\u00f9 les m\u00e9dias sociaux repr\u00e9sentent pr\u00e8s de la moiti\u00e9 (45%) du pouvoir d&#8217;influence sur l&#8217;opinion dans cette tranche d&#8217;\u00e2ge.<\/p>\n<p>L&#8217;influence des m\u00e9dias d&#8217;information en ligne sur la formation de l&#8217;opinion des jeunes a \u00e9volu\u00e9 diff\u00e9remment d&#8217;une r\u00e9gion linguistique \u00e0 l&#8217;autre. Alors que, en Suisse italienne, ces m\u00e9dias ont gagn\u00e9 8 points de pourcentage par rapport \u00e0 2018 (de 14% \u00e0 22%), leur importance n&#8217;a augment\u00e9 que d&#8217;un point en Suisse romande (de 11% \u00e0 12%). En Suisse al\u00e9manique, leur part au potentiel de formation de l&#8217;opinion a m\u00eame baiss\u00e9 de 22% en 2018 \u00e0 19% en 2019.<\/p>\n<h2>Population en g\u00e9n\u00e9ral: la t\u00e9l\u00e9vision demeure le m\u00e9dia le plus influent<\/h2>\n<p>Si l&#8217;on consid\u00e8re l&#8217;ensemble de la population, la t\u00e9l\u00e9vision est le principal m\u00e9dia utilis\u00e9 pour se forger une opinion. En 2019, elle repr\u00e9sente 28% du potentiel relatif de formation de l&#8217;opinion. La radio occupe le deuxi\u00e8me rang (22%), suivie par la presse \u00e9crite (20%), les m\u00e9dias d&#8217;information en ligne (17%) et les m\u00e9dias sociaux (13%).<\/p>\n<h2>Concentration des m\u00e9dias \u2013 diversit\u00e9 en baisse malgr\u00e9 le ralentissement de la disparition de titres<\/h2>\n<p>Le Monitoring m\u00e9dias Suisse examine aussi la situation de la propri\u00e9t\u00e9 et de l&#8217;actionnariat sur le march\u00e9 des m\u00e9dias. Trois nouvelles disparitions sur le march\u00e9 ont \u00e9t\u00e9 enregistr\u00e9es en 2019, contre six en 2018. En Suisse, la population dispose toujours d&#8217;une offre de m\u00e9dias suffisamment vari\u00e9e pour couvrir ses besoins d&#8217;information \u00e0 travers diff\u00e9rentes sources. Toutefois, le regroupement de r\u00e9dactions (r\u00e9dactions centrales chez TX Group, centralisation \u00e0 la SSR) ou de structures d&#8217;organisation compl\u00e8tes (CH Media) a probablement conduit \u00e0 une r\u00e9duction de la diversit\u00e9 des contenus, du moins en ce qui concerne l&#8217;information suprar\u00e9gionale. Les auteurs de l&#8217;\u00e9tude estiment que cette \u00e9volution est peu favorable \u00e0 une formation de l&#8217;opinion \u00e9quilibr\u00e9e.<\/p>\n<h2>Donn\u00e9es sur l&#8217;\u00e9tude<\/h2>\n<p>Depuis 2017, le Monitoring m\u00e9dias Suisse \u00e9value le potentiel pour la formation de l&#8217;opinion des marques et des cat\u00e9gories de m\u00e9dias journalistiques (presse, radio, TV, en ligne) ainsi que d&#8217;offres de m\u00e9dias sociaux, pr\u00e9d\u00e9finies sur trois niveaux g\u00e9ographiques (Suisse, r\u00e9gions linguistiques et 14 espaces m\u00e9diatiques r\u00e9gionaux). R\u00e9alis\u00e9 par Publicom, il fait partie de la recherche men\u00e9e par l&#8217;OFCOM dans le domaine des m\u00e9dias afin notamment d&#8217;examiner les prestations des programmes et l&#8217;acceptation par le public des radios et des t\u00e9l\u00e9visions charg\u00e9es d&#8217;un mandat de prestations.<\/p>\n<p>Param\u00e8tre central du Monitoring m\u00e9dias Suisse, l&#8217;influence sur l&#8217;opinion prend en compte aussi bien la port\u00e9e d&#8217;un m\u00e9dia que la qualit\u00e9 que le public attribue \u00e0 ce m\u00e9dia. L&#8217;\u00e9tude ne mesure pas l&#8217;effet en termes absolus, mais compare le potentiel d&#8217;influence relatif des diff\u00e9rents m\u00e9dias sur la formation de l&#8217;opinion. Les chiffres montrent dans quelle mesure les m\u00e9dias peuvent comparativement influencer la formation de l&#8217;opinion.<\/p>\n<\/div>\n","protected":false},"excerpt":{"rendered":"<p>En Suisse, les r\u00e9seaux sociaux et les m\u00e9dias d&#8217;information en ligne exercent une influence toujours plus grande sur la formation de l&#8217;opinion. Ce constat est particuli\u00e8rement vrai en ce qui concerne la population francophone et les jeunes. Tels sont les r\u00e9sultats du Monitoring m\u00e9dias Suisse pour 2019, publi\u00e9s par l&#8217;OFCOM le 29 septembre 2020<\/p>\n","protected":false},"author":4,"featured_media":411494,"comment_status":"open","ping_status":"open","sticky":false,"template":"","format":"standard","meta":{"footnotes":""},"categories":[1171,1170],"tags":[],"vendi":[],"content_country":[],"class_list":["post-411893","post","type-post","status-publish","format-standard","has-post-thumbnail","hentry","category-thematique","category-vivre-en-suisse"],"acf":[],"_links":{"self":[{"href":"https:\/\/www.albinfo.at\/fr\/wp-json\/wp\/v2\/posts\/411893","targetHints":{"allow":["GET"]}}],"collection":[{"href":"https:\/\/www.albinfo.at\/fr\/wp-json\/wp\/v2\/posts"}],"about":[{"href":"https:\/\/www.albinfo.at\/fr\/wp-json\/wp\/v2\/types\/post"}],"author":[{"embeddable":true,"href":"https:\/\/www.albinfo.at\/fr\/wp-json\/wp\/v2\/users\/4"}],"replies":[{"embeddable":true,"href":"https:\/\/www.albinfo.at\/fr\/wp-json\/wp\/v2\/comments?post=411893"}],"version-history":[{"count":0,"href":"https:\/\/www.albinfo.at\/fr\/wp-json\/wp\/v2\/posts\/411893\/revisions"}],"wp:featuredmedia":[{"embeddable":true,"href":"https:\/\/www.albinfo.at\/fr\/wp-json\/wp\/v2\/media\/411494"}],"wp:attachment":[{"href":"https:\/\/www.albinfo.at\/fr\/wp-json\/wp\/v2\/media?parent=411893"}],"wp:term":[{"taxonomy":"category","embeddable":true,"href":"https:\/\/www.albinfo.at\/fr\/wp-json\/wp\/v2\/categories?post=411893"},{"taxonomy":"post_tag","embeddable":true,"href":"https:\/\/www.albinfo.at\/fr\/wp-json\/wp\/v2\/tags?post=411893"},{"taxonomy":"vendi","embeddable":true,"href":"https:\/\/www.albinfo.at\/fr\/wp-json\/wp\/v2\/vendi?post=411893"},{"taxonomy":"content_country","embeddable":true,"href":"https:\/\/www.albinfo.at\/fr\/wp-json\/wp\/v2\/content_country?post=411893"}],"curies":[{"name":"wp","href":"https:\/\/api.w.org\/{rel}","templated":true}]}}