{"id":411882,"date":"2020-10-02T15:50:00","date_gmt":"2020-10-02T13:50:00","guid":{"rendered":"https:\/\/www.albinfo.ch\/?p=411882"},"modified":"2020-10-02T15:44:26","modified_gmt":"2020-10-02T13:44:26","slug":"la-duree-du-travail-a-recule-de-95-au-2e-trimestre-2020","status":"publish","type":"post","link":"https:\/\/www.albinfo.at\/fr\/la-duree-du-travail-a-recule-de-95-au-2e-trimestre-2020\/","title":{"rendered":"la dur\u00e9e du travail a recul\u00e9 de 9,5% au 2e trimestre 2020"},"content":{"rendered":"<div class=\"contentHead\"><\/div>\n<div>\n<div class=\"mod mod-ws_detail\">\n<div class=\"ws_detail-press\">\n<p><b>Malgr\u00e9 l\u2019assouplissement des mesures de protection contre le coronavirus le 11 mai 2020, le march\u00e9 du travail a \u00e9t\u00e9 fortement impact\u00e9 au 2e trimestre 2020. Par rapport au 2e trimestre 2019, la dur\u00e9e de travail hebdomadaire effective par personne active occup\u00e9e a ainsi recul\u00e9 de 9,5%. La branche \u00abH\u00e9bergement et restauration\u00bb a connu la plus forte baisse de l\u2019horaire de travail (\u201354,1%). Au 2e trimestre 2020, pr\u00e8s d\u2019une personne salari\u00e9e sur deux a effectu\u00e9 du travail \u00e0 domicile au moins occasionnellement, en forte hausse par rapport \u00e0 l\u2019an pass\u00e9. Ce sont l\u00e0 quelques r\u00e9sultats tir\u00e9s de l\u2019enqu\u00eate suisse sur la population active (ESPA).<\/b><\/p>\n<p>Au 2e trimestre 2020, une personne active occup\u00e9e a travaill\u00e9 en moyenne 28,4 heures par semaine, soit 9,5% de moins qu\u2019au 2e trimestre 2019. Chez les personnes actives occup\u00e9es \u00e0 plein temps, la dur\u00e9e hebdomadaire effective de travail s\u2019\u00e9levait \u00e0 35,2 heures, soit 8,9% de moins que l\u2019an pass\u00e9. Il s\u2019agit des plus fortes baisses depuis que des donn\u00e9es trimestrielles sont disponibles (2010). Si le nombre moyen de jours de vacances n\u2019avait pas fl\u00e9chi de moiti\u00e9 sur la m\u00eame p\u00e9riode (de 4,2 \u00e0 2,0 jours sur le trimestre), la baisse de la dur\u00e9e hebdomadaire effective de travail aurait \u00e9t\u00e9 encore plus marqu\u00e9e.<\/p>\n<p><b>Fort recul des heures de travail chez les femmes et les ind\u00e9pendants<\/b><\/p>\n<p>Entre les 2es trimestres 2019 et 2020, la dur\u00e9e hebdomadaire effective de travail par personne active occup\u00e9e s\u2019est davantage r\u00e9duite chez les femmes (\u201311,3%) que chez les hommes (\u20138,4%). La baisse a \u00e9t\u00e9 plus marqu\u00e9e chez les ind\u00e9pendants (\u201313,9%) que chez les salari\u00e9s (\u20139,1%). L\u2019horaire de travail s\u2019est plus fortement r\u00e9duit chez les personnes avec enfants de 0 \u00e0 6 ans (baisse de 11,5%) que chez les personnes avec enfants de 7 \u00e0 14 ans (\u20139,1%) et que chez les personnes sans enfant de moins de 15 ans (\u20137,9%).<\/p>\n<p><b>Forte baisse des heures de travail dans la branche \u00abH\u00e9bergement et restauration\u00bb<\/b><\/p>\n<p>La dur\u00e9e hebdomadaire effective de travail a baiss\u00e9 dans toutes les branches \u00e9conomiques, \u00e0 l\u2019exception de la branche \u00abAgriculture, sylviculture\u00bb (+0,1%). La baisse a \u00e9t\u00e9 la plus forte dans la branche \u00abH\u00e9bergement et restauration\u00bb (\u201354,1%); viennent ensuite les branches \u00abArts, loisirs, m\u00e9nages priv\u00e9s, autres\u00bb (\u201323,0%) et \u00abCommerce, r\u00e9paration\u00bb (\u201316,8%). Les moins fortes baisses se constatent dans les branches \u00abAdministration publique\u00bb (\u20131,7%), \u00abActivit\u00e9s financi\u00e8res et d\u2019assurance\u00bb (\u20132,6%) et \u00abEnseignement\u00bb (\u20133,9%).<\/p>\n<p><b>Absences en hausse, vacances en baisse<\/b><\/p>\n<p>Entre les 2es trimestres 2019 et 2020, la dur\u00e9e moyenne hebdomadaire des absences en raison du ch\u00f4mage partiel a fortement augment\u00e9, passant de 0,1 \u00e0 2,4 heures par personne active occup\u00e9e. La dur\u00e9e hebdomadaire des absences en raison de sant\u00e9 (maladie\/accident) s\u2019est accrue plus mod\u00e9r\u00e9ment, passant de 1,0 \u00e0 1,2 heure. Les absences dues aux vacances ont par contre nettement baiss\u00e9, passant de 2,2 heures \u00e0 1,0 heure. Les absences en raison d\u2019obligations militaires ou civiles, de cong\u00e9 maternit\u00e9\/paternit\u00e9, du mauvais temps, de conflits du travail et pour raisons personnelles ou familiales ont faiblement \u00e9volu\u00e9 (cf. graphique G2). Enfin, les absences pour \u00abautre raison\u00bb (p.ex. ind\u00e9pendants ayant r\u00e9duit leur activit\u00e9 en raison du COVID) ont progress\u00e9 de mani\u00e8re tr\u00e8s marqu\u00e9e, passant de 0,1 \u00e0 1,6 heure.<\/p>\n<p><b>Forte hausse du travail \u00e0 domicile chez les salari\u00e9s<\/b><\/p>\n<p>Au 2e trimestre 2020, pr\u00e8s d\u2019une personne salari\u00e9e sur deux (44,2%) a effectu\u00e9 du travail \u00e0 domicile au moins occasionnellement contre moins d\u2019une sur trois (29,2%) au 2e trimestre 2019. Les parts les plus \u00e9lev\u00e9es de salari\u00e9s ayant effectu\u00e9 du travail \u00e0 domicile au 2e trimestre 2020 se trouvent dans les branches \u00abInformation et communication\u00bb (87,3%, +23,7 points de pour cent par rapport au 2e trimestre 2019), \u00abEnseignement\u00bb (78,6%, +11,0 points) et \u00abActivit\u00e9s financi\u00e8res et d\u2019assurance\u00bb (77,4%, +46,0 points). A l\u2019autre bout de l\u2019\u00e9chelle, moins d\u2019une personne salari\u00e9e sur trois a effectu\u00e9 du travail \u00e0 domicile dans les activit\u00e9s \u00e9conomiques \u00abSant\u00e9 humaine et action sociale\u00bb (26,7%, +5,5 points), \u00abConstruction\u00bb (18,7%, +6,9 points), \u00abAgriculture, sylviculture\u00bb (13,8%, \u20130,1 point) et \u00abH\u00e9bergement et restauration\u00bb (12,9%, \u20130,8 point).<\/p>\n<p>L\u2019augmentation du travail \u00e0 domicile a \u00e9t\u00e9 forte aussi bien chez les hommes que chez les femmes. Au 2e trimestre 2020, 45,5% des hommes (+15,3 points) et 42,8% des femmes (+14,8 points) ont travaill\u00e9 \u00e0 domicile au moins occasionnellement. Cela concerne aussi 50,2% des personnes avec enfants de 0 \u00e0 6 ans (en hausse de 14,9 points par rapport au 2e trimestre 2019), 46,0% (+9,5 points) des personnes avec enfants de 7 \u00e0 14 ans et 42,6% des personnes sans enfant de moins de 15 ans (+16 points).<\/p>\n<\/div>\n<\/div>\n<\/div>\n","protected":false},"excerpt":{"rendered":"<p>Coronavirus et march\u00e9 du travail au 2e trimestre 2020: analyses compl\u00e9mentairesCOVID-19:<\/p>\n","protected":false},"author":4,"featured_media":217939,"comment_status":"open","ping_status":"open","sticky":false,"template":"","format":"standard","meta":{"footnotes":""},"categories":[1171,1170],"tags":[],"vendi":[],"content_country":[],"class_list":["post-411882","post","type-post","status-publish","format-standard","has-post-thumbnail","hentry","category-thematique","category-vivre-en-suisse"],"acf":[],"_links":{"self":[{"href":"https:\/\/www.albinfo.at\/fr\/wp-json\/wp\/v2\/posts\/411882","targetHints":{"allow":["GET"]}}],"collection":[{"href":"https:\/\/www.albinfo.at\/fr\/wp-json\/wp\/v2\/posts"}],"about":[{"href":"https:\/\/www.albinfo.at\/fr\/wp-json\/wp\/v2\/types\/post"}],"author":[{"embeddable":true,"href":"https:\/\/www.albinfo.at\/fr\/wp-json\/wp\/v2\/users\/4"}],"replies":[{"embeddable":true,"href":"https:\/\/www.albinfo.at\/fr\/wp-json\/wp\/v2\/comments?post=411882"}],"version-history":[{"count":0,"href":"https:\/\/www.albinfo.at\/fr\/wp-json\/wp\/v2\/posts\/411882\/revisions"}],"wp:featuredmedia":[{"embeddable":true,"href":"https:\/\/www.albinfo.at\/fr\/wp-json\/wp\/v2\/media\/217939"}],"wp:attachment":[{"href":"https:\/\/www.albinfo.at\/fr\/wp-json\/wp\/v2\/media?parent=411882"}],"wp:term":[{"taxonomy":"category","embeddable":true,"href":"https:\/\/www.albinfo.at\/fr\/wp-json\/wp\/v2\/categories?post=411882"},{"taxonomy":"post_tag","embeddable":true,"href":"https:\/\/www.albinfo.at\/fr\/wp-json\/wp\/v2\/tags?post=411882"},{"taxonomy":"vendi","embeddable":true,"href":"https:\/\/www.albinfo.at\/fr\/wp-json\/wp\/v2\/vendi?post=411882"},{"taxonomy":"content_country","embeddable":true,"href":"https:\/\/www.albinfo.at\/fr\/wp-json\/wp\/v2\/content_country?post=411882"}],"curies":[{"name":"wp","href":"https:\/\/api.w.org\/{rel}","templated":true}]}}